{"id":923,"date":"2011-09-29T18:49:13","date_gmt":"2011-09-29T16:49:13","guid":{"rendered":"http:\/\/www.migotravels.de\/?p=923"},"modified":"2011-09-29T19:23:59","modified_gmt":"2011-09-29T17:23:59","slug":"fabelland","status":"publish","type":"post","link":"https:\/\/migotravels.de\/?p=923","title":{"rendered":"Fabelland"},"content":{"rendered":"<p>Nach dreit\u00e4giger Pause in Kappadokien geht es heute weiter Richtung Osten. Zeit f\u00fcr einen Zwischenbericht.<\/p>\n<div id=\"attachment_940\" style=\"width: 330px\" class=\"wp-caption alignleft\"><a href=\"https:\/\/migotravels.de\/?attachment_id=940\" rel=\"attachment wp-att-940\" title=\"Blick \u00fcber G\u00f6reme\"><img loading=\"lazy\" decoding=\"async\" aria-describedby=\"caption-attachment-940\" class=\"size-medium wp-image-940\" title=\"Blick \u00fcber G\u00f6reme\" src=\"https:\/\/migotravels.de\/wp-content\/uploads\/2011\/09\/P9261686-320x213.jpg\" alt=\"Blick \u00fcber G\u00f6reme\" width=\"320\" height=\"213\" srcset=\"https:\/\/migotravels.de\/wp-content\/uploads\/2011\/09\/P9261686-320x213.jpg 320w, https:\/\/migotravels.de\/wp-content\/uploads\/2011\/09\/P9261686-1620x1080.jpg 1620w, https:\/\/migotravels.de\/wp-content\/uploads\/2011\/09\/P9261686.jpg 1956w\" sizes=\"auto, (max-width: 320px) 100vw, 320px\" \/><\/a><p id=\"caption-attachment-940\" class=\"wp-caption-text\">Blick \u00fcber G\u00f6reme<\/p><\/div>\n<p>Bereits mittags komme ich in G\u00f6reme an und investiere zwei Stunden, um bei Tageshitze durchs St\u00e4dtchen zu fahren und Hotelzimmer anzuschauen. Diese sind hier allerdings meist nur L\u00f6cher in Felsen, denn genau diese sind das Aush\u00e4ngeschild der Region. Die meisten Singlel\u00f6cher in meiner Preisregion sind bereits ausgebucht und irgendwie tue ich mich schwer, in einem Dormitoryloch mit sieben anderen H\u00f6hlenbewohnern und oft ohne Fenster zu hausen. Auch kann ich mit 1,50 Meter hohen L\u00f6chern in der Gr\u00f6\u00dfe eines Singlebettes und ausgestattet mit einem solchen wenig anfangen. Die Suche lohnt sich jedoch und ich ziehe f\u00fcr die kommenden N\u00e4chte in ein au\u00dfergew\u00f6hnlich sch\u00f6nes Zimmer mit ausreichend Platz f\u00fcr meine Koffer + Reifen, das es mir gestattet, aufrecht zu stehen und \u00fcber die wei\u00dfen Felsen von G\u00f6reme zu blicken. Fr\u00fch ankommen lohnt sich, Lektion gelernt.<\/p>\n<div id=\"attachment_944\" style=\"width: 330px\" class=\"wp-caption alignleft\"><a href=\"https:\/\/migotravels.de\/?attachment_id=944\" rel=\"attachment wp-att-944\" title=\"Felsen in Love Valley. Ahh ja..\"><img loading=\"lazy\" decoding=\"async\" aria-describedby=\"caption-attachment-944\" class=\"size-medium wp-image-944\" title=\"Felsen in Love Valley. Ahh ja..\" src=\"https:\/\/migotravels.de\/wp-content\/uploads\/2011\/09\/P9291857-320x213.jpg\" alt=\"Felsen in Love Valley. Ahh ja..\" width=\"320\" height=\"213\" srcset=\"https:\/\/migotravels.de\/wp-content\/uploads\/2011\/09\/P9291857-320x213.jpg 320w, https:\/\/migotravels.de\/wp-content\/uploads\/2011\/09\/P9291857-1620x1080.jpg 1620w\" sizes=\"auto, (max-width: 320px) 100vw, 320px\" \/><\/a><p id=\"caption-attachment-944\" class=\"wp-caption-text\">Felsen in Love Valley. Ahh ja.. Das sieht doch aus wie..<\/p><\/div>\n<p>Kappadokien ist m\u00e4rchenhaft. Zeltartige Felsformationen sprie\u00dfen wie riesige Pilze aus dem Boden, ebene Fl\u00e4chen sind pl\u00f6tzlich aufgerissen und geben Raum f\u00fcr steinerne hundert Meter tiefe und breite Schluchten, als h\u00e4tte jemand die Erde wie einen Kuchen einfach aufgebrochen. Schroffe aber flache Bergr\u00fccken thronen weit \u00fcber endloser Landschaft. Durch das trockene Gestein flie\u00dfen Fl\u00fcsse und B\u00e4che, die in unmittelbarer Umgebung die Natur \u00fcppig ergr\u00fcnen lassen. Wie im M\u00e4rchen ist es hier, ganz unwirklich und vertr\u00e4umt. G\u00f6reme liegt mitten drin im Nationalpark und l\u00e4dt zu Wanderungen in den zahlreichen T\u00e4lern ein. Zusammen mit Peter (Polen) und Kevin (Kanada), zwei weitere Alleinreisende (man zieht sich ja gegenseitig quasi magnetisch an), wandern wir durch die traumhaften Landschaften und \u00fcberbieten uns gegenseitig beim Fotografieren. Am Ende des Tages haben wir drei eine Unmenge an Steinen festgehalten und m\u00fcssen wie so oft feststellen, auf den Fotos sieht dat doch allet nich richtich aus. Neben den eigentlichen Hutfelsen sind insbesondere die herausgeh\u00e4mmerten H\u00f6hlen von Interesse. Da der Fels im Inneren sehr weich ist, wurden im Laufe der Jahrhunderte tausende von Wohnh\u00f6hlen und auch Kirchen herausgepuhlt und so sieht man neben den eigentlichen Felsen \u00fcberall auch Fenster- und T\u00fcrl\u00f6cher.\u00a0Besonderer Rummel wird hier um die Kirchen gemacht, die mit entsprechenden Querschnitten versehen sind und auch Fresken aller Art enthalten. Mit wenigen Ausnahmen sind diese allerdings doch sehr simpel und ich muss zugeben, das von der Natur Geschaffene beeindruckt mich doch erheblich mehr als die Lochh\u00e4user und nach einigen Stunden und vielen L\u00f6chern bin ich \u00fcbers\u00e4ttigt (rock churched out..(manches geht auf Englisch eben doch besser)).<\/p>\n<div id=\"attachment_925\" style=\"width: 330px\" class=\"wp-caption alignleft\"><a href=\"https:\/\/migotravels.de\/?attachment_id=925\" rel=\"attachment wp-att-925\" title=\"Ballons 4\"><img loading=\"lazy\" decoding=\"async\" aria-describedby=\"caption-attachment-925\" class=\"size-medium wp-image-925\" title=\"Ballons 4\" src=\"https:\/\/migotravels.de\/wp-content\/uploads\/2011\/09\/P9281782-320x213.jpg\" alt=\"Ballons 4\" width=\"320\" height=\"213\" srcset=\"https:\/\/migotravels.de\/wp-content\/uploads\/2011\/09\/P9281782-320x213.jpg 320w, https:\/\/migotravels.de\/wp-content\/uploads\/2011\/09\/P9281782-1620x1080.jpg 1620w, https:\/\/migotravels.de\/wp-content\/uploads\/2011\/09\/P9281782.jpg 1956w\" sizes=\"auto, (max-width: 320px) 100vw, 320px\" \/><\/a><p id=\"caption-attachment-925\" class=\"wp-caption-text\">Ballons 4<\/p><\/div>\n<p>In einer derart au\u00dfergew\u00f6hnlichen Landschaft liegt die Versuchung nahe, dass Ganze auch von Oben betrachten zu wollen und die sehr emsige Tourismusindustrie h\u00e4lt f\u00fcr diesen Zweck eine gro\u00dfe Anzahl von Hei\u00dfluftballons bereit, die morgens mit dem Sonnenaufgangs starten. Ich entscheide mich aus Budgetgr\u00fcnden dagegen, lasse es mir jedoch nicht nehmen, dem Spektakel aus der Ferne zuzuschauen und beginne meinen Tag in frostiger K\u00e4lte (wir sind hier auf 1300m H\u00f6he) und Dunkelheit mit dem Erklimmen eines geeigneten Aussichtspunktes am gegen\u00fcberliegenden Ende des Tals. Welch ein Anblick. Etwa 60 der volumin\u00f6sen Ballons kuscheln sich prall gef\u00fcllt im Tal aneinander. Da es noch recht dunkel ist flackern sie immer wieder auf, wenn die Flammen gez\u00fcndet werden und sehen aus wie riesige Lampenschirme. Zusammen mit der Sonne steigen einer nach dem anderen auf und verteilen sich \u00fcber dem G\u00f6reme Naturpark. Ich frage mich, ob ich oder die Ballonfahrer den sch\u00f6neren Ausblick hatten.<\/p>\n<p>Auf meinen vom Gep\u00e4ck befreiten Fahrten durch die Umgebung halte ich an einer Kreuzung, und \u00fcberlege, ob die abgehende Nebenstra\u00dfe ein gute Abk\u00fcrzung zu meinem Ziel w\u00e4re. Es sind oft die kleinen Stra\u00dfen, die sich als besonders attraktiv herausgestellt haben. An eben dieser Kreuzung steht ein \u00e4lterer, mindestens 70 j\u00e4hriger Mann und wartet offenbar auf eine Mitnahmegelenheit auf der Hauptstra\u00dfe. Sobald ich halte, kommt er an, fragt mich wo ich hin will und signalisiert mir den Weg auf der Hauptstra\u00dfe und sein Interesse hinten aufsteigen zu wollen. \u00dcberzeugt von der Richtigkeit der Nebenstra\u00dfe, teile ich ihm meine Entscheidung mit, woraufhin er seine Meinung \u00e4ndert und trotzdem aufsteigen will. Ohne weiter zu fragen, schwingt er sich erstaunlich behend (das Motorrad ist recht hoch) auf und wir fahren gemeinsam los. Nach nur kurzer Zeit erreichen wir offenbar sein Dorf und er l\u00e4sst es sich nicht nehmen, johlend und winkend auf sich aufmerksam zu machen und erntet mit Erfolg eine Vielzahl erstaunter Blicke. Wir fahren noch 20 Kilometer in denen er mir immer wieder irgendwelches mir unverst\u00e4ndliches Zeug erz\u00e4hlt, als er mir pl\u00f6tzlich auf die Schulter klopft und auf den Stra\u00dfenrand zeigt. Wir halten, er klettert ab, l\u00e4chelt mir nochmals zu und verschwindet schnurstracks in eine Gasse. Per Anhalter fahren ist hier sehr typisch und st\u00e4ndig sieht man Leute am Strassenrand stehen. Ich nehme an diesem Tag noch zwei weitere Passagiere mit (aufgrund der Ersatzeifen sonst nicht m\u00f6glich) und es macht mir Spass, Teil des Transportflusses zu sein. Das Vertrauen und die Selbstverst\u00e4ndlichkeit Fremde mitzunehmen, f\u00fchlen sich gut an und sagen einiges \u00fcber das Miteinander hier aus.<\/p>\n<div id=\"attachment_930\" style=\"width: 330px\" class=\"wp-caption alignleft\"><a href=\"https:\/\/migotravels.de\/?attachment_id=930\" rel=\"attachment wp-att-930\" title=\"Gr\u00f6\u00dfe der G\u00e4ng in einer unterirdischen Stadt\"><img loading=\"lazy\" decoding=\"async\" aria-describedby=\"caption-attachment-930\" class=\"size-medium wp-image-930\" title=\"Gr\u00f6\u00dfe der G\u00e4ng in einer unterirdischen Stadt\" src=\"https:\/\/migotravels.de\/wp-content\/uploads\/2011\/09\/P9281819-320x213.jpg\" alt=\"Gr\u00f6\u00dfe der G\u00e4ng in einer unterirdischen Stadt\" width=\"320\" height=\"213\" srcset=\"https:\/\/migotravels.de\/wp-content\/uploads\/2011\/09\/P9281819-320x213.jpg 320w, https:\/\/migotravels.de\/wp-content\/uploads\/2011\/09\/P9281819-1620x1080.jpg 1620w, https:\/\/migotravels.de\/wp-content\/uploads\/2011\/09\/P9281819.jpg 1956w\" sizes=\"auto, (max-width: 320px) 100vw, 320px\" \/><\/a><p id=\"caption-attachment-930\" class=\"wp-caption-text\">Gr\u00f6\u00dfe der G\u00e4nge in einer unterirdischen Stadt<\/p><\/div>\n<p>Auf dem Kappadokiapflichtprogramm steht auch der Besuch einer der zahlreichen unterirdischen St\u00e4dte, die hier im Zuge des Einfalls der Perser und Araber im 6. und 7. Jahrhundert von den byzantinischen Christen als Versteck bewohnt wurden. In Derinkuyu sollen so bis zu 10000 Menschen unter der Erde gelebt haben. Es ist be\u00e4ngstigend sich durch die meist sehr niedrigen G\u00e4nge immer weiter nach Unten zu schieben und sicher nichts f\u00fcr Klaustrophobiker. Bis zu 10 Etagen geht es auf diese Weise nach unten. Ein winziger 40 Meter langer Treppengang verbindet hier den unteren Teil mit einem weiter oben liegenden und als ich, eine Gruppe Chinesen im R\u00fccken, auf meinem Weg nach unten auf eine sich nach oben k\u00e4mpfende Gruppe Japaner sto\u00dfe, wurde mir zugegebenerma\u00dfen auch ziemlich mulmig, denn auch mit sehr viel guten Willen kommt man hier nicht aneinander vorbei und es hat eine kleine gef\u00fchlte Ewigkeit gebraucht, bis den letzten oben durchgesagt werden konnte, dass alle wieder zur\u00fcck m\u00fcssen. Ich war sehr erleichtert, nach 20 Minuten wieder Sonnenlicht zu sehen und kann es kaum glauben, dass Menschen in so etwas wohnen konnten.<\/p>\n<div id=\"attachment_936\" style=\"width: 330px\" class=\"wp-caption alignleft\"><a href=\"https:\/\/migotravels.de\/?attachment_id=936\" rel=\"attachment wp-att-936\" title=\"kurdische Kinder in Zeltlager\"><img loading=\"lazy\" decoding=\"async\" aria-describedby=\"caption-attachment-936\" class=\"size-medium wp-image-936\" title=\"kurdische Kinder in Zeltlager\" src=\"https:\/\/migotravels.de\/wp-content\/uploads\/2011\/09\/P9261677-320x213.jpg\" alt=\"kurdische Kinder in Zeltlager\" width=\"320\" height=\"213\" srcset=\"https:\/\/migotravels.de\/wp-content\/uploads\/2011\/09\/P9261677-320x213.jpg 320w, https:\/\/migotravels.de\/wp-content\/uploads\/2011\/09\/P9261677-1620x1080.jpg 1620w, https:\/\/migotravels.de\/wp-content\/uploads\/2011\/09\/P9261677.jpg 1956w\" sizes=\"auto, (max-width: 320px) 100vw, 320px\" \/><\/a><p id=\"caption-attachment-936\" class=\"wp-caption-text\">kurdische Kinder in Zeltlager<\/p><\/div>\n<p>Hin und wieder sieht man mittelgro\u00dfe Zeltsiedlungen am Stra\u00dfenrand. Es handelt sich hierbei um Kurden, die vornehmlich aus den s\u00fcd\u00f6stlichen Regionen der T\u00fcrkei kommen und im Sommer und Zeiten der Ernte als billige Arbeitskr\u00e4fte aushelfen. Das Volk der Kurden ist durch die Aufteilung in Nationalstaaten nach dem ersten Weltkrieg auseinander gerissen worden und fand sich folgend als Minderheit in Syrien, Iran, Iraq und der T\u00fcrkei wieder. Wie in etlichen \u00e4hnlichen Beispielen weltweit, hat das zu Problemen gef\u00fchrt. Die kurdische Kultur und Sprache wurde im Zuge der Nationalisierung der T\u00fcrkei systematisch unterdr\u00fcckt bzw. verboten. Selbst das Wort Kurde wurde nicht mehr toleriert und der Kurde wurde offiziell zum Bergt\u00fcrken. Heute sind die Kurden die \u00c4rmsten und auch Zur\u00fcckgebliebendsten der T\u00fcrkei. Ich halte in einem dieser Zeltst\u00e4dte um etwas genauer hinzuschauen und bin\u00a0 binnen Sekunden umgeben von Kindern und Jugendlichen, die mich neugierig aber nicht bedr\u00e4ngend be\u00e4ugen und mich mit unverst\u00e4ndlichen Sprachfetzen zutexten. Es ist schade, wie viel einem in einer solchen Reise aufgrund der Sprachbarriere verloren geht. So viel w\u00fcrde ich fragen wollen!<\/p>\n<p>Ach und noch was am Rande. In China ist es mir bereits aufgefallen, aber hier ist der Kontrast deutlicher. Chinesen (hatte welche in meiner Pension) essen wie Schweine. Ich kann es einfach nicht weniger drastisch formulieren. Jemand muss denen das mal sagen. Ich hab mich jedenfalls nicht getraut: &#8222;Entschuldigen Sie Herr Chinese, wussten Sie, dass sie wie ein Schwein essen? Ich kann es nicht mehr ertragen und setze mich daher ans andere Ende des Restaurants.&#8220;.<\/p>\n<p>Nach dieser doch sehr touristischen Etappe, verlasse ich langsam aber sicher den Touripfad (ein Highlight steht noch auf dem Programm) und fahre zun\u00e4chst tiefer und h\u00f6her in die Berge. Weiterfahren und Tee trinken ist also angesagt. Letzterer kommt mir mittlerweile aus den Ohren. Die Menge konsumierter Teegl\u00e4ser pro Tag kann ich gar nicht mehr z\u00e4hlen.<\/p>\n\n\t\t<style type=\"text\/css\">\n\t\t\t#gallery-1 {\n\t\t\t\tmargin: auto;\n\t\t\t}\n\t\t\t#gallery-1 .gallery-item {\n\t\t\t\tfloat: left;\n\t\t\t\tmargin-top: 10px;\n\t\t\t\ttext-align: center;\n\t\t\t\twidth: 33%;\n\t\t\t}\n\t\t\t#gallery-1 img {\n\t\t\t\tborder: 2px solid #cfcfcf;\n\t\t\t}\n\t\t\t#gallery-1 .gallery-caption {\n\t\t\t\tmargin-left: 0;\n\t\t\t}\n\t\t\t\/* see gallery_shortcode() in wp-includes\/media.php *\/\n\t\t<\/style>\n\t\t<div id='gallery-1' class='gallery galleryid-923 gallery-columns-3 gallery-size-thumbnail'><dl class='gallery-item'>\n\t\t\t<dt class='gallery-icon landscape'>\n\t\t\t\t<a href='https:\/\/migotravels.de\/?attachment_id=936'><img loading=\"lazy\" decoding=\"async\" width=\"150\" height=\"150\" src=\"https:\/\/migotravels.de\/wp-content\/uploads\/2011\/09\/P9261677-150x150.jpg\" class=\"attachment-thumbnail size-thumbnail\" alt=\"kurdische Kinder in Zeltlager\" aria-describedby=\"gallery-1-936\" srcset=\"https:\/\/migotravels.de\/wp-content\/uploads\/2011\/09\/P9261677-150x150.jpg 150w, https:\/\/migotravels.de\/wp-content\/uploads\/2011\/09\/P9261677-96x96.jpg 96w, https:\/\/migotravels.de\/wp-content\/uploads\/2011\/09\/P9261677-24x24.jpg 24w, https:\/\/migotravels.de\/wp-content\/uploads\/2011\/09\/P9261677-36x36.jpg 36w, https:\/\/migotravels.de\/wp-content\/uploads\/2011\/09\/P9261677-48x48.jpg 48w, https:\/\/migotravels.de\/wp-content\/uploads\/2011\/09\/P9261677-64x64.jpg 64w\" sizes=\"auto, (max-width: 150px) 100vw, 150px\" \/><\/a>\n\t\t\t<\/dt>\n\t\t\t\t<dd class='wp-caption-text gallery-caption' id='gallery-1-936'>\n\t\t\t\tkurdische Kinder in Zeltlager\n\t\t\t\t<\/dd><\/dl><dl class='gallery-item'>\n\t\t\t<dt class='gallery-icon landscape'>\n\t\t\t\t<a href='https:\/\/migotravels.de\/?attachment_id=940'><img loading=\"lazy\" decoding=\"async\" width=\"150\" height=\"150\" src=\"https:\/\/migotravels.de\/wp-content\/uploads\/2011\/09\/P9261686-150x150.jpg\" class=\"attachment-thumbnail size-thumbnail\" alt=\"Blick \u00fcber G\u00f6reme\" aria-describedby=\"gallery-1-940\" srcset=\"https:\/\/migotravels.de\/wp-content\/uploads\/2011\/09\/P9261686-150x150.jpg 150w, https:\/\/migotravels.de\/wp-content\/uploads\/2011\/09\/P9261686-96x96.jpg 96w, https:\/\/migotravels.de\/wp-content\/uploads\/2011\/09\/P9261686-24x24.jpg 24w, https:\/\/migotravels.de\/wp-content\/uploads\/2011\/09\/P9261686-36x36.jpg 36w, https:\/\/migotravels.de\/wp-content\/uploads\/2011\/09\/P9261686-48x48.jpg 48w, https:\/\/migotravels.de\/wp-content\/uploads\/2011\/09\/P9261686-64x64.jpg 64w\" sizes=\"auto, (max-width: 150px) 100vw, 150px\" \/><\/a>\n\t\t\t<\/dt>\n\t\t\t\t<dd class='wp-caption-text gallery-caption' id='gallery-1-940'>\n\t\t\t\tBlick \u00fcber G\u00f6reme\n\t\t\t\t<\/dd><\/dl><dl class='gallery-item'>\n\t\t\t<dt class='gallery-icon landscape'>\n\t\t\t\t<a href='https:\/\/migotravels.de\/?attachment_id=934'><img loading=\"lazy\" decoding=\"async\" width=\"150\" height=\"150\" src=\"https:\/\/migotravels.de\/wp-content\/uploads\/2011\/09\/P9281804-150x150.jpg\" class=\"attachment-thumbnail size-thumbnail\" alt=\"Zeltfelsen\" aria-describedby=\"gallery-1-934\" srcset=\"https:\/\/migotravels.de\/wp-content\/uploads\/2011\/09\/P9281804-150x150.jpg 150w, https:\/\/migotravels.de\/wp-content\/uploads\/2011\/09\/P9281804-96x96.jpg 96w, https:\/\/migotravels.de\/wp-content\/uploads\/2011\/09\/P9281804-24x24.jpg 24w, https:\/\/migotravels.de\/wp-content\/uploads\/2011\/09\/P9281804-36x36.jpg 36w, https:\/\/migotravels.de\/wp-content\/uploads\/2011\/09\/P9281804-48x48.jpg 48w, https:\/\/migotravels.de\/wp-content\/uploads\/2011\/09\/P9281804-64x64.jpg 64w\" sizes=\"auto, (max-width: 150px) 100vw, 150px\" \/><\/a>\n\t\t\t<\/dt>\n\t\t\t\t<dd class='wp-caption-text gallery-caption' id='gallery-1-934'>\n\t\t\t\tZeltfelsen\n\t\t\t\t<\/dd><\/dl><br style=\"clear: both\" \/><dl class='gallery-item'>\n\t\t\t<dt class='gallery-icon landscape'>\n\t\t\t\t<a href='https:\/\/migotravels.de\/?attachment_id=944'><img loading=\"lazy\" decoding=\"async\" width=\"150\" height=\"150\" src=\"https:\/\/migotravels.de\/wp-content\/uploads\/2011\/09\/P9291857-150x150.jpg\" class=\"attachment-thumbnail size-thumbnail\" alt=\"Felsen in Love Valley. Ahh ja..\" aria-describedby=\"gallery-1-944\" srcset=\"https:\/\/migotravels.de\/wp-content\/uploads\/2011\/09\/P9291857-150x150.jpg 150w, https:\/\/migotravels.de\/wp-content\/uploads\/2011\/09\/P9291857-96x96.jpg 96w, https:\/\/migotravels.de\/wp-content\/uploads\/2011\/09\/P9291857-24x24.jpg 24w, https:\/\/migotravels.de\/wp-content\/uploads\/2011\/09\/P9291857-36x36.jpg 36w, https:\/\/migotravels.de\/wp-content\/uploads\/2011\/09\/P9291857-48x48.jpg 48w, https:\/\/migotravels.de\/wp-content\/uploads\/2011\/09\/P9291857-64x64.jpg 64w\" sizes=\"auto, (max-width: 150px) 100vw, 150px\" \/><\/a>\n\t\t\t<\/dt>\n\t\t\t\t<dd class='wp-caption-text gallery-caption' id='gallery-1-944'>\n\t\t\t\tFelsen in Love Valley. Ahh ja..\n\t\t\t\t<\/dd><\/dl><dl class='gallery-item'>\n\t\t\t<dt class='gallery-icon portrait'>\n\t\t\t\t<a href='https:\/\/migotravels.de\/?attachment_id=929'><img loading=\"lazy\" decoding=\"async\" width=\"150\" height=\"150\" src=\"https:\/\/migotravels.de\/wp-content\/uploads\/2011\/09\/P9271694-150x150.jpg\" class=\"attachment-thumbnail size-thumbnail\" alt=\"Restauration in einer der Felskirchen\" aria-describedby=\"gallery-1-929\" srcset=\"https:\/\/migotravels.de\/wp-content\/uploads\/2011\/09\/P9271694-150x150.jpg 150w, https:\/\/migotravels.de\/wp-content\/uploads\/2011\/09\/P9271694-96x96.jpg 96w, https:\/\/migotravels.de\/wp-content\/uploads\/2011\/09\/P9271694-24x24.jpg 24w, https:\/\/migotravels.de\/wp-content\/uploads\/2011\/09\/P9271694-36x36.jpg 36w, https:\/\/migotravels.de\/wp-content\/uploads\/2011\/09\/P9271694-48x48.jpg 48w, https:\/\/migotravels.de\/wp-content\/uploads\/2011\/09\/P9271694-64x64.jpg 64w\" sizes=\"auto, (max-width: 150px) 100vw, 150px\" \/><\/a>\n\t\t\t<\/dt>\n\t\t\t\t<dd class='wp-caption-text gallery-caption' id='gallery-1-929'>\n\t\t\t\tRestauration in einer der Felskirchen\n\t\t\t\t<\/dd><\/dl><dl class='gallery-item'>\n\t\t\t<dt class='gallery-icon landscape'>\n\t\t\t\t<a href='https:\/\/migotravels.de\/?attachment_id=933'><img loading=\"lazy\" decoding=\"async\" width=\"150\" height=\"150\" src=\"https:\/\/migotravels.de\/wp-content\/uploads\/2011\/09\/P9281851-150x150.jpg\" class=\"attachment-thumbnail size-thumbnail\" alt=\"Tenere in Fabelland\" aria-describedby=\"gallery-1-933\" srcset=\"https:\/\/migotravels.de\/wp-content\/uploads\/2011\/09\/P9281851-150x150.jpg 150w, https:\/\/migotravels.de\/wp-content\/uploads\/2011\/09\/P9281851-96x96.jpg 96w, https:\/\/migotravels.de\/wp-content\/uploads\/2011\/09\/P9281851-24x24.jpg 24w, https:\/\/migotravels.de\/wp-content\/uploads\/2011\/09\/P9281851-36x36.jpg 36w, https:\/\/migotravels.de\/wp-content\/uploads\/2011\/09\/P9281851-48x48.jpg 48w, https:\/\/migotravels.de\/wp-content\/uploads\/2011\/09\/P9281851-64x64.jpg 64w\" sizes=\"auto, (max-width: 150px) 100vw, 150px\" \/><\/a>\n\t\t\t<\/dt>\n\t\t\t\t<dd class='wp-caption-text gallery-caption' id='gallery-1-933'>\n\t\t\t\tTenere in Fabelland\n\t\t\t\t<\/dd><\/dl><br style=\"clear: both\" \/><dl class='gallery-item'>\n\t\t\t<dt class='gallery-icon landscape'>\n\t\t\t\t<a href='https:\/\/migotravels.de\/?attachment_id=931'><img loading=\"lazy\" decoding=\"async\" width=\"150\" height=\"150\" src=\"https:\/\/migotravels.de\/wp-content\/uploads\/2011\/09\/P9271710-150x150.jpg\" class=\"attachment-thumbnail size-thumbnail\" alt=\"Ich in Fabelland\" aria-describedby=\"gallery-1-931\" srcset=\"https:\/\/migotravels.de\/wp-content\/uploads\/2011\/09\/P9271710-150x150.jpg 150w, https:\/\/migotravels.de\/wp-content\/uploads\/2011\/09\/P9271710-96x96.jpg 96w, https:\/\/migotravels.de\/wp-content\/uploads\/2011\/09\/P9271710-24x24.jpg 24w, https:\/\/migotravels.de\/wp-content\/uploads\/2011\/09\/P9271710-36x36.jpg 36w, https:\/\/migotravels.de\/wp-content\/uploads\/2011\/09\/P9271710-48x48.jpg 48w, https:\/\/migotravels.de\/wp-content\/uploads\/2011\/09\/P9271710-64x64.jpg 64w\" sizes=\"auto, (max-width: 150px) 100vw, 150px\" \/><\/a>\n\t\t\t<\/dt>\n\t\t\t\t<dd class='wp-caption-text gallery-caption' id='gallery-1-931'>\n\t\t\t\tIch in Fabelland\n\t\t\t\t<\/dd><\/dl><dl class='gallery-item'>\n\t\t\t<dt class='gallery-icon landscape'>\n\t\t\t\t<a href='https:\/\/migotravels.de\/?attachment_id=937'><img loading=\"lazy\" decoding=\"async\" width=\"150\" height=\"150\" src=\"https:\/\/migotravels.de\/wp-content\/uploads\/2011\/09\/P9281849-150x150.jpg\" class=\"attachment-thumbnail size-thumbnail\" alt=\"Touris unten, ich oben\" aria-describedby=\"gallery-1-937\" srcset=\"https:\/\/migotravels.de\/wp-content\/uploads\/2011\/09\/P9281849-150x150.jpg 150w, https:\/\/migotravels.de\/wp-content\/uploads\/2011\/09\/P9281849-96x96.jpg 96w, https:\/\/migotravels.de\/wp-content\/uploads\/2011\/09\/P9281849-24x24.jpg 24w, https:\/\/migotravels.de\/wp-content\/uploads\/2011\/09\/P9281849-36x36.jpg 36w, https:\/\/migotravels.de\/wp-content\/uploads\/2011\/09\/P9281849-48x48.jpg 48w, https:\/\/migotravels.de\/wp-content\/uploads\/2011\/09\/P9281849-64x64.jpg 64w\" sizes=\"auto, (max-width: 150px) 100vw, 150px\" \/><\/a>\n\t\t\t<\/dt>\n\t\t\t\t<dd class='wp-caption-text gallery-caption' id='gallery-1-937'>\n\t\t\t\tTouris unten, ich oben\n\t\t\t\t<\/dd><\/dl><dl class='gallery-item'>\n\t\t\t<dt class='gallery-icon landscape'>\n\t\t\t\t<a href='https:\/\/migotravels.de\/?attachment_id=942'><img loading=\"lazy\" decoding=\"async\" width=\"150\" height=\"150\" src=\"https:\/\/migotravels.de\/wp-content\/uploads\/2011\/09\/P9281788-150x150.jpg\" class=\"attachment-thumbnail size-thumbnail\" alt=\"Ilhara Tal\" aria-describedby=\"gallery-1-942\" srcset=\"https:\/\/migotravels.de\/wp-content\/uploads\/2011\/09\/P9281788-150x150.jpg 150w, https:\/\/migotravels.de\/wp-content\/uploads\/2011\/09\/P9281788-96x96.jpg 96w, https:\/\/migotravels.de\/wp-content\/uploads\/2011\/09\/P9281788-24x24.jpg 24w, https:\/\/migotravels.de\/wp-content\/uploads\/2011\/09\/P9281788-36x36.jpg 36w, https:\/\/migotravels.de\/wp-content\/uploads\/2011\/09\/P9281788-48x48.jpg 48w, https:\/\/migotravels.de\/wp-content\/uploads\/2011\/09\/P9281788-64x64.jpg 64w\" sizes=\"auto, (max-width: 150px) 100vw, 150px\" \/><\/a>\n\t\t\t<\/dt>\n\t\t\t\t<dd class='wp-caption-text gallery-caption' id='gallery-1-942'>\n\t\t\t\tIlhara Tal\n\t\t\t\t<\/dd><\/dl><br style=\"clear: both\" \/><dl class='gallery-item'>\n\t\t\t<dt class='gallery-icon landscape'>\n\t\t\t\t<a href='https:\/\/migotravels.de\/?attachment_id=941'><img loading=\"lazy\" decoding=\"async\" width=\"150\" height=\"150\" src=\"https:\/\/migotravels.de\/wp-content\/uploads\/2011\/09\/P9281806-150x150.jpg\" class=\"attachment-thumbnail size-thumbnail\" alt=\"Paste\" aria-describedby=\"gallery-1-941\" srcset=\"https:\/\/migotravels.de\/wp-content\/uploads\/2011\/09\/P9281806-150x150.jpg 150w, https:\/\/migotravels.de\/wp-content\/uploads\/2011\/09\/P9281806-96x96.jpg 96w, https:\/\/migotravels.de\/wp-content\/uploads\/2011\/09\/P9281806-24x24.jpg 24w, https:\/\/migotravels.de\/wp-content\/uploads\/2011\/09\/P9281806-36x36.jpg 36w, https:\/\/migotravels.de\/wp-content\/uploads\/2011\/09\/P9281806-48x48.jpg 48w, https:\/\/migotravels.de\/wp-content\/uploads\/2011\/09\/P9281806-64x64.jpg 64w\" sizes=\"auto, (max-width: 150px) 100vw, 150px\" \/><\/a>\n\t\t\t<\/dt>\n\t\t\t\t<dd class='wp-caption-text gallery-caption' id='gallery-1-941'>\n\t\t\t\tPaste\n\t\t\t\t<\/dd><\/dl><dl class='gallery-item'>\n\t\t\t<dt class='gallery-icon portrait'>\n\t\t\t\t<a href='https:\/\/migotravels.de\/?attachment_id=939'><img loading=\"lazy\" decoding=\"async\" width=\"150\" height=\"150\" src=\"https:\/\/migotravels.de\/wp-content\/uploads\/2011\/09\/P9281813-150x150.jpg\" class=\"attachment-thumbnail size-thumbnail\" alt=\"Gr\u00fcnbraunblau\" aria-describedby=\"gallery-1-939\" srcset=\"https:\/\/migotravels.de\/wp-content\/uploads\/2011\/09\/P9281813-150x150.jpg 150w, https:\/\/migotravels.de\/wp-content\/uploads\/2011\/09\/P9281813-96x96.jpg 96w, https:\/\/migotravels.de\/wp-content\/uploads\/2011\/09\/P9281813-24x24.jpg 24w, https:\/\/migotravels.de\/wp-content\/uploads\/2011\/09\/P9281813-36x36.jpg 36w, https:\/\/migotravels.de\/wp-content\/uploads\/2011\/09\/P9281813-48x48.jpg 48w, https:\/\/migotravels.de\/wp-content\/uploads\/2011\/09\/P9281813-64x64.jpg 64w\" sizes=\"auto, (max-width: 150px) 100vw, 150px\" \/><\/a>\n\t\t\t<\/dt>\n\t\t\t\t<dd class='wp-caption-text gallery-caption' id='gallery-1-939'>\n\t\t\t\tGr\u00fcnbraunblau\n\t\t\t\t<\/dd><\/dl><dl class='gallery-item'>\n\t\t\t<dt class='gallery-icon landscape'>\n\t\t\t\t<a href='https:\/\/migotravels.de\/?attachment_id=938'><img loading=\"lazy\" decoding=\"async\" width=\"150\" height=\"150\" src=\"https:\/\/migotravels.de\/wp-content\/uploads\/2011\/09\/P9271723-150x150.jpg\" class=\"attachment-thumbnail size-thumbnail\" alt=\"Paar in Cafe\" aria-describedby=\"gallery-1-938\" srcset=\"https:\/\/migotravels.de\/wp-content\/uploads\/2011\/09\/P9271723-150x150.jpg 150w, https:\/\/migotravels.de\/wp-content\/uploads\/2011\/09\/P9271723-96x96.jpg 96w, https:\/\/migotravels.de\/wp-content\/uploads\/2011\/09\/P9271723-24x24.jpg 24w, https:\/\/migotravels.de\/wp-content\/uploads\/2011\/09\/P9271723-36x36.jpg 36w, https:\/\/migotravels.de\/wp-content\/uploads\/2011\/09\/P9271723-48x48.jpg 48w, https:\/\/migotravels.de\/wp-content\/uploads\/2011\/09\/P9271723-64x64.jpg 64w\" sizes=\"auto, (max-width: 150px) 100vw, 150px\" \/><\/a>\n\t\t\t<\/dt>\n\t\t\t\t<dd class='wp-caption-text gallery-caption' id='gallery-1-938'>\n\t\t\t\tPaar in Cafe\n\t\t\t\t<\/dd><\/dl><br style=\"clear: both\" \/><dl class='gallery-item'>\n\t\t\t<dt class='gallery-icon landscape'>\n\t\t\t\t<a href='https:\/\/migotravels.de\/?attachment_id=930'><img loading=\"lazy\" decoding=\"async\" width=\"150\" height=\"150\" src=\"https:\/\/migotravels.de\/wp-content\/uploads\/2011\/09\/P9281819-150x150.jpg\" class=\"attachment-thumbnail size-thumbnail\" alt=\"Gr\u00f6\u00dfe der G\u00e4ng in einer unterirdischen Stadt\" aria-describedby=\"gallery-1-930\" srcset=\"https:\/\/migotravels.de\/wp-content\/uploads\/2011\/09\/P9281819-150x150.jpg 150w, https:\/\/migotravels.de\/wp-content\/uploads\/2011\/09\/P9281819-96x96.jpg 96w, https:\/\/migotravels.de\/wp-content\/uploads\/2011\/09\/P9281819-24x24.jpg 24w, https:\/\/migotravels.de\/wp-content\/uploads\/2011\/09\/P9281819-36x36.jpg 36w, https:\/\/migotravels.de\/wp-content\/uploads\/2011\/09\/P9281819-48x48.jpg 48w, https:\/\/migotravels.de\/wp-content\/uploads\/2011\/09\/P9281819-64x64.jpg 64w\" sizes=\"auto, (max-width: 150px) 100vw, 150px\" \/><\/a>\n\t\t\t<\/dt>\n\t\t\t\t<dd class='wp-caption-text gallery-caption' id='gallery-1-930'>\n\t\t\t\tGr\u00f6\u00dfe der G\u00e4ng in einer unterirdischen Stadt\n\t\t\t\t<\/dd><\/dl><dl class='gallery-item'>\n\t\t\t<dt class='gallery-icon landscape'>\n\t\t\t\t<a href='https:\/\/migotravels.de\/?attachment_id=935'><img loading=\"lazy\" decoding=\"async\" width=\"150\" height=\"150\" src=\"https:\/\/migotravels.de\/wp-content\/uploads\/2011\/09\/P9281829-150x150.jpg\" class=\"attachment-thumbnail size-thumbnail\" alt=\"Strasse durchs Tal in Kappadochien\" aria-describedby=\"gallery-1-935\" srcset=\"https:\/\/migotravels.de\/wp-content\/uploads\/2011\/09\/P9281829-150x150.jpg 150w, https:\/\/migotravels.de\/wp-content\/uploads\/2011\/09\/P9281829-96x96.jpg 96w, https:\/\/migotravels.de\/wp-content\/uploads\/2011\/09\/P9281829-24x24.jpg 24w, https:\/\/migotravels.de\/wp-content\/uploads\/2011\/09\/P9281829-36x36.jpg 36w, https:\/\/migotravels.de\/wp-content\/uploads\/2011\/09\/P9281829-48x48.jpg 48w, https:\/\/migotravels.de\/wp-content\/uploads\/2011\/09\/P9281829-64x64.jpg 64w\" sizes=\"auto, (max-width: 150px) 100vw, 150px\" \/><\/a>\n\t\t\t<\/dt>\n\t\t\t\t<dd class='wp-caption-text gallery-caption' id='gallery-1-935'>\n\t\t\t\tStrasse durchs Tal in Kappadochien\n\t\t\t\t<\/dd><\/dl><dl class='gallery-item'>\n\t\t\t<dt class='gallery-icon landscape'>\n\t\t\t\t<a href='https:\/\/migotravels.de\/?attachment_id=932'><img loading=\"lazy\" decoding=\"async\" width=\"150\" height=\"150\" src=\"https:\/\/migotravels.de\/wp-content\/uploads\/2011\/09\/P9281838-150x150.jpg\" class=\"attachment-thumbnail size-thumbnail\" alt=\"Soganli\" aria-describedby=\"gallery-1-932\" srcset=\"https:\/\/migotravels.de\/wp-content\/uploads\/2011\/09\/P9281838-150x150.jpg 150w, https:\/\/migotravels.de\/wp-content\/uploads\/2011\/09\/P9281838-96x96.jpg 96w, https:\/\/migotravels.de\/wp-content\/uploads\/2011\/09\/P9281838-24x24.jpg 24w, https:\/\/migotravels.de\/wp-content\/uploads\/2011\/09\/P9281838-36x36.jpg 36w, https:\/\/migotravels.de\/wp-content\/uploads\/2011\/09\/P9281838-48x48.jpg 48w, https:\/\/migotravels.de\/wp-content\/uploads\/2011\/09\/P9281838-64x64.jpg 64w\" sizes=\"auto, (max-width: 150px) 100vw, 150px\" \/><\/a>\n\t\t\t<\/dt>\n\t\t\t\t<dd class='wp-caption-text gallery-caption' id='gallery-1-932'>\n\t\t\t\tSoganli\n\t\t\t\t<\/dd><\/dl><br style=\"clear: both\" \/><dl class='gallery-item'>\n\t\t\t<dt class='gallery-icon landscape'>\n\t\t\t\t<a href='https:\/\/migotravels.de\/?attachment_id=928'><img loading=\"lazy\" decoding=\"async\" width=\"150\" height=\"150\" src=\"https:\/\/migotravels.de\/wp-content\/uploads\/2011\/09\/P9281738-150x150.jpg\" class=\"attachment-thumbnail size-thumbnail\" alt=\"Ballons 1\" aria-describedby=\"gallery-1-928\" srcset=\"https:\/\/migotravels.de\/wp-content\/uploads\/2011\/09\/P9281738-150x150.jpg 150w, https:\/\/migotravels.de\/wp-content\/uploads\/2011\/09\/P9281738-96x96.jpg 96w, https:\/\/migotravels.de\/wp-content\/uploads\/2011\/09\/P9281738-24x24.jpg 24w, https:\/\/migotravels.de\/wp-content\/uploads\/2011\/09\/P9281738-36x36.jpg 36w, https:\/\/migotravels.de\/wp-content\/uploads\/2011\/09\/P9281738-48x48.jpg 48w, https:\/\/migotravels.de\/wp-content\/uploads\/2011\/09\/P9281738-64x64.jpg 64w\" sizes=\"auto, (max-width: 150px) 100vw, 150px\" \/><\/a>\n\t\t\t<\/dt>\n\t\t\t\t<dd class='wp-caption-text gallery-caption' id='gallery-1-928'>\n\t\t\t\tBallons 1\n\t\t\t\t<\/dd><\/dl><dl class='gallery-item'>\n\t\t\t<dt class='gallery-icon landscape'>\n\t\t\t\t<a href='https:\/\/migotravels.de\/?attachment_id=927'><img loading=\"lazy\" decoding=\"async\" width=\"150\" height=\"150\" src=\"https:\/\/migotravels.de\/wp-content\/uploads\/2011\/09\/P9281762-150x150.jpg\" class=\"attachment-thumbnail size-thumbnail\" alt=\"Ballons 2\" aria-describedby=\"gallery-1-927\" srcset=\"https:\/\/migotravels.de\/wp-content\/uploads\/2011\/09\/P9281762-150x150.jpg 150w, https:\/\/migotravels.de\/wp-content\/uploads\/2011\/09\/P9281762-96x96.jpg 96w, https:\/\/migotravels.de\/wp-content\/uploads\/2011\/09\/P9281762-24x24.jpg 24w, https:\/\/migotravels.de\/wp-content\/uploads\/2011\/09\/P9281762-36x36.jpg 36w, https:\/\/migotravels.de\/wp-content\/uploads\/2011\/09\/P9281762-48x48.jpg 48w, https:\/\/migotravels.de\/wp-content\/uploads\/2011\/09\/P9281762-64x64.jpg 64w\" sizes=\"auto, (max-width: 150px) 100vw, 150px\" \/><\/a>\n\t\t\t<\/dt>\n\t\t\t\t<dd class='wp-caption-text gallery-caption' id='gallery-1-927'>\n\t\t\t\tBallons 2\n\t\t\t\t<\/dd><\/dl><dl class='gallery-item'>\n\t\t\t<dt class='gallery-icon landscape'>\n\t\t\t\t<a href='https:\/\/migotravels.de\/?attachment_id=926'><img loading=\"lazy\" decoding=\"async\" width=\"150\" height=\"150\" src=\"https:\/\/migotravels.de\/wp-content\/uploads\/2011\/09\/P9281752-150x150.jpg\" class=\"attachment-thumbnail size-thumbnail\" alt=\"Ballons 3\" aria-describedby=\"gallery-1-926\" srcset=\"https:\/\/migotravels.de\/wp-content\/uploads\/2011\/09\/P9281752-150x150.jpg 150w, https:\/\/migotravels.de\/wp-content\/uploads\/2011\/09\/P9281752-96x96.jpg 96w, https:\/\/migotravels.de\/wp-content\/uploads\/2011\/09\/P9281752-24x24.jpg 24w, https:\/\/migotravels.de\/wp-content\/uploads\/2011\/09\/P9281752-36x36.jpg 36w, https:\/\/migotravels.de\/wp-content\/uploads\/2011\/09\/P9281752-48x48.jpg 48w, https:\/\/migotravels.de\/wp-content\/uploads\/2011\/09\/P9281752-64x64.jpg 64w\" sizes=\"auto, (max-width: 150px) 100vw, 150px\" \/><\/a>\n\t\t\t<\/dt>\n\t\t\t\t<dd class='wp-caption-text gallery-caption' id='gallery-1-926'>\n\t\t\t\tBallons 3\n\t\t\t\t<\/dd><\/dl><br style=\"clear: both\" \/><dl class='gallery-item'>\n\t\t\t<dt class='gallery-icon landscape'>\n\t\t\t\t<a href='https:\/\/migotravels.de\/?attachment_id=924'><img loading=\"lazy\" decoding=\"async\" width=\"150\" height=\"150\" src=\"https:\/\/migotravels.de\/wp-content\/uploads\/2011\/09\/P9281776-150x150.jpg\" class=\"attachment-thumbnail size-thumbnail\" alt=\"Ballons 5\" aria-describedby=\"gallery-1-924\" srcset=\"https:\/\/migotravels.de\/wp-content\/uploads\/2011\/09\/P9281776-150x150.jpg 150w, https:\/\/migotravels.de\/wp-content\/uploads\/2011\/09\/P9281776-96x96.jpg 96w, https:\/\/migotravels.de\/wp-content\/uploads\/2011\/09\/P9281776-24x24.jpg 24w, https:\/\/migotravels.de\/wp-content\/uploads\/2011\/09\/P9281776-36x36.jpg 36w, https:\/\/migotravels.de\/wp-content\/uploads\/2011\/09\/P9281776-48x48.jpg 48w, https:\/\/migotravels.de\/wp-content\/uploads\/2011\/09\/P9281776-64x64.jpg 64w\" sizes=\"auto, (max-width: 150px) 100vw, 150px\" \/><\/a>\n\t\t\t<\/dt>\n\t\t\t\t<dd class='wp-caption-text gallery-caption' id='gallery-1-924'>\n\t\t\t\tBallons 5\n\t\t\t\t<\/dd><\/dl><dl class='gallery-item'>\n\t\t\t<dt class='gallery-icon landscape'>\n\t\t\t\t<a href='https:\/\/migotravels.de\/?attachment_id=925'><img loading=\"lazy\" decoding=\"async\" width=\"150\" height=\"150\" src=\"https:\/\/migotravels.de\/wp-content\/uploads\/2011\/09\/P9281782-150x150.jpg\" class=\"attachment-thumbnail size-thumbnail\" alt=\"Ballons 4\" aria-describedby=\"gallery-1-925\" srcset=\"https:\/\/migotravels.de\/wp-content\/uploads\/2011\/09\/P9281782-150x150.jpg 150w, https:\/\/migotravels.de\/wp-content\/uploads\/2011\/09\/P9281782-96x96.jpg 96w, https:\/\/migotravels.de\/wp-content\/uploads\/2011\/09\/P9281782-24x24.jpg 24w, https:\/\/migotravels.de\/wp-content\/uploads\/2011\/09\/P9281782-36x36.jpg 36w, https:\/\/migotravels.de\/wp-content\/uploads\/2011\/09\/P9281782-48x48.jpg 48w, https:\/\/migotravels.de\/wp-content\/uploads\/2011\/09\/P9281782-64x64.jpg 64w\" sizes=\"auto, (max-width: 150px) 100vw, 150px\" \/><\/a>\n\t\t\t<\/dt>\n\t\t\t\t<dd class='wp-caption-text gallery-caption' id='gallery-1-925'>\n\t\t\t\tBallons 4\n\t\t\t\t<\/dd><\/dl>\n\t\t\t<br style='clear: both' \/>\n\t\t<\/div>\n\n","protected":false},"excerpt":{"rendered":"<p>Nach dreit\u00e4giger Pause in Kappadokien geht es heute weiter Richtung Osten. Zeit f\u00fcr einen Zwischenbericht. Bereits mittags komme ich in G\u00f6reme an und investiere zwei Stunden, um bei Tageshitze durchs St\u00e4dtchen zu fahren und Hotelzimmer anzuschauen. Diese sind hier allerdings &hellip; <a href=\"https:\/\/migotravels.de\/?p=923\">Weiterlesen <span class=\"meta-nav\">&rarr;<\/span><\/a><\/p>\n","protected":false},"author":2,"featured_media":0,"comment_status":"open","ping_status":"open","sticky":false,"template":"","format":"standard","meta":{"footnotes":""},"categories":[9],"tags":[],"class_list":["post-923","post","type-post","status-publish","format-standard","hentry","category-iran_turkey"],"_links":{"self":[{"href":"https:\/\/migotravels.de\/index.php?rest_route=\/wp\/v2\/posts\/923","targetHints":{"allow":["GET"]}}],"collection":[{"href":"https:\/\/migotravels.de\/index.php?rest_route=\/wp\/v2\/posts"}],"about":[{"href":"https:\/\/migotravels.de\/index.php?rest_route=\/wp\/v2\/types\/post"}],"author":[{"embeddable":true,"href":"https:\/\/migotravels.de\/index.php?rest_route=\/wp\/v2\/users\/2"}],"replies":[{"embeddable":true,"href":"https:\/\/migotravels.de\/index.php?rest_route=%2Fwp%2Fv2%2Fcomments&post=923"}],"version-history":[{"count":82,"href":"https:\/\/migotravels.de\/index.php?rest_route=\/wp\/v2\/posts\/923\/revisions"}],"predecessor-version":[{"id":980,"href":"https:\/\/migotravels.de\/index.php?rest_route=\/wp\/v2\/posts\/923\/revisions\/980"}],"wp:attachment":[{"href":"https:\/\/migotravels.de\/index.php?rest_route=%2Fwp%2Fv2%2Fmedia&parent=923"}],"wp:term":[{"taxonomy":"category","embeddable":true,"href":"https:\/\/migotravels.de\/index.php?rest_route=%2Fwp%2Fv2%2Fcategories&post=923"},{"taxonomy":"post_tag","embeddable":true,"href":"https:\/\/migotravels.de\/index.php?rest_route=%2Fwp%2Fv2%2Ftags&post=923"}],"curies":[{"name":"wp","href":"https:\/\/api.w.org\/{rel}","templated":true}]}}