{"id":663,"date":"2011-09-18T13:03:34","date_gmt":"2011-09-18T11:03:34","guid":{"rendered":"http:\/\/www.migotravels.de\/?p=663"},"modified":"2011-09-23T08:58:46","modified_gmt":"2011-09-23T06:58:46","slug":"transeuropa-3","status":"publish","type":"post","link":"https:\/\/migotravels.de\/?p=663","title":{"rendered":"Auf die Pl\u00e4tze, fertig, langsam los"},"content":{"rendered":"<div id=\"attachment_810\" style=\"width: 330px\" class=\"wp-caption alignleft\"><a href=\"https:\/\/migotravels.de\/?attachment_id=810\" rel=\"attachment wp-att-810\" title=\"Aufbruchstimmung\"><img loading=\"lazy\" decoding=\"async\" aria-describedby=\"caption-attachment-810\" class=\"size-medium wp-image-810\" title=\"Aufbruchstimmung\" src=\"https:\/\/migotravels.de\/wp-content\/uploads\/2011\/09\/SDC16886-320x240.jpg\" alt=\"Aufbruchstimmung\" width=\"320\" height=\"240\" srcset=\"https:\/\/migotravels.de\/wp-content\/uploads\/2011\/09\/SDC16886-320x240.jpg 320w, https:\/\/migotravels.de\/wp-content\/uploads\/2011\/09\/SDC16886-1440x1080.jpg 1440w\" sizes=\"auto, (max-width: 320px) 100vw, 320px\" \/><\/a><p id=\"caption-attachment-810\" class=\"wp-caption-text\">Aufbruchstimmung<\/p><\/div>\n<p>Nach l\u00e4ngerer Zeit des R\u00fcckblicks auf afrikanische Erlebnisse, darf ich mit Aufregung wieder nach vorne schauen. Eine neue Tour steht an, diesmal Richtung S\u00fcdosten quer durch die T\u00fcrkei und den Iran zum persischen Golf. \u00a0Der jahreszeitliche und pers\u00f6nliche Zeitpunkt ist g\u00fcnstig, da gilt\u00a0es entschlossen zuzupacken, bevor die Vernunft die Oberhand gewinnt, denn eine l\u00e4ngerfristige Fernreise kommt aus dem Bauch, nicht aus dem Kopf. Ein Tscheche an der Grenze zu Tschechien, der mich interessiert mit Blick auf die Fernreiseoptik meiner Enduro, nach dem Ziel meiner Reise fragt, l\u00e4chelt und antwortet auf Deutsch &#8222;Wenn man ist ein bisschen verr\u00fcckt, dann das Leben ist besser&#8220; und f\u00fcgt hinzu &#8222;Ich bin \u00fcber 70, mache Kanumarathons und schlafe in meinem Wagen&#8220; und weist daraufhin auf seinen Passat mit einem Kanu auf dem Dach. Wir verabschieden uns h\u00e4ndedr\u00fcckend und wissen genau, warum der andere tut was er tut. Ein gutes Gef\u00fchl.<\/p>\n<div id=\"attachment_685\" style=\"width: 330px\" class=\"wp-caption alignleft\"><a href=\"https:\/\/migotravels.de\/?attachment_id=685\" rel=\"attachment wp-att-685\" title=\"Angekommen in Istanbul\"><img loading=\"lazy\" decoding=\"async\" aria-describedby=\"caption-attachment-685\" class=\"size-medium wp-image-685\" title=\"Angekommen in Istanbul\" src=\"https:\/\/migotravels.de\/wp-content\/uploads\/2011\/09\/P9180002-320x213.jpg\" alt=\"Angekommen in Istanbul\" width=\"320\" height=\"213\" srcset=\"https:\/\/migotravels.de\/wp-content\/uploads\/2011\/09\/P9180002-320x213.jpg 320w, https:\/\/migotravels.de\/wp-content\/uploads\/2011\/09\/P9180002-1620x1080.jpg 1620w\" sizes=\"auto, (max-width: 320px) 100vw, 320px\" \/><\/a><p id=\"caption-attachment-685\" class=\"wp-caption-text\">Yamaha XT 660 Z T\u00e9n\u00e9r\u00e9<\/p><\/div>\n<p>Die neue Reisebegleitung hei\u00dft T\u00e9n\u00e9r\u00e9 und wirbt damit, der ideale Untersatz f\u00fcr Reisen fernab heimischer Gefilde zu sein. Ein Zylinder, robuste und bew\u00e4hrte Technik ohne viel Firlefanz, aber mit dem Aussehen einer, die verspricht dich auch in die entlegensten Regionen tragen zu k\u00f6nnen. Im Reigen der Reiseenduros ist sie in vieler Hinsicht ein Gegenspieler zur KTM. Mit dem Neuen versucht man eben h\u00e4ufig ganz gezielt die spezifischen Schw\u00e4chen des Alten zu tilgen, nicht selten in dem man den dessen positiven Eigenschaften zu wenig Bedeutung beimisst. Bislang jedoch verh\u00e4lt sie sich \u00e4u\u00dferst diszipliniert und ich hoffe Ihr in den kommen Beitr\u00e4gen erheblich viel weniger Aufmerksamkeit widmen zu m\u00fcssen, als der KTM in meinem vergangenen Bericht. Wir werden es sehen &lt;auf Holz klopf&gt;.<\/p>\n<p>Dass das Fahrzeug der Wahl wieder ein Motorrad sein muss, steht f\u00fcr mich nat\u00fcrlich au\u00dfer Frage und w\u00e4hrend der Reisevorbereitung wurde mir aufs neue bewusst, dass es nicht nur darum geht welche Vorteile und Freiheiten einem das Motorrad zu schenken vermag, sondern insbesondere auch darum, was es einem nicht gibt. Man bekommt keinen R\u00fcckzugsort, keine Bequemlichkeit und vor allem, wenig Stauraum. Man will das nat\u00fcrlich alles haben, aber letzlich bereichert es die Reise, sich von diesen Dingen zu l\u00f6sen, bzw. l\u00f6sen zu m\u00fcssen. Das Fehlen f\u00f6rdert die Auseinandersetzung mit dem, was vor Ort zu finden ist. Und so tausche ich nach gezwungener und mehrfacher Gep\u00e4ckreduzierung am Ende doch noch die sch\u00f6ne aber platzfressende Bermuda-Badeshorts gegen die kleine Speedo und lasse z\u00e4hneknirschend meine geliebte aber hoffnungslos gro\u00dfe und schwere Haarschneidemaschine, die in meinem Fall regelm\u00e4\u00dfig f\u00fcr Kopf und Bart verantwortlich ist, zu hause. Was ich wirklich brauche, kommt mit, was ich gerne h\u00e4tte, bleibt zu hause und die Eitelkeit gleich mit. Gut so.<\/p>\n<div id=\"attachment_728\" style=\"width: 330px\" class=\"wp-caption alignleft\"><a href=\"https:\/\/migotravels.de\/?attachment_id=728\" rel=\"attachment wp-att-728\" title=\"Transf\u0103g\u0103ra\u015fan\"><img loading=\"lazy\" decoding=\"async\" aria-describedby=\"caption-attachment-728\" class=\"size-medium wp-image-728\" title=\"Transf\u0103g\u0103ra\u015fan\" src=\"https:\/\/migotravels.de\/wp-content\/uploads\/2011\/09\/P9081310-320x80.jpg\" alt=\"Transf\u0103g\u0103ra\u015fan\" width=\"320\" height=\"80\" srcset=\"https:\/\/migotravels.de\/wp-content\/uploads\/2011\/09\/P9081310-320x80.jpg 320w, https:\/\/migotravels.de\/wp-content\/uploads\/2011\/09\/P9081310-1920x480.jpg 1920w\" sizes=\"auto, (max-width: 320px) 100vw, 320px\" \/><\/a><p id=\"caption-attachment-728\" class=\"wp-caption-text\">Transf\u0103g\u0103ra\u015fan<\/p><\/div>\n<p>Die ersten 3500 Kilometer der Tour sind im \u00fcbrigen bereits auf der Fahrt von Berlin nach Istanbul hinter mir\/uns (zum Teil mit der Freundin als Sozius) gelassen und so konnte ich mich langsam auf das Eintauchen in den nahen Osten, und das Reisen allgemein, einstimmen, ohne pl\u00f6tzlich aus der Luft in eine andere Welt zu fallen. Mit Besuchen bei Freunden auf dem Weg Richtung Budapest (Vielen Dank an dieser Stelle an meine liebenswerten Gastgeber!), einer Kreuzfahrt durch die rum\u00e4nischen Karpaten und einer Verschnaufpause im wundersch\u00f6nen, obgleich extrem touristischen Alt Nessebar am Schwarzen Meer in Bulgarien, hatte ich ausreichend Gelegenheit mich in meinen Reiserhythmus einzutakten. Insbesondere Rum\u00e4nien hat einen tiefen, letztlich positiven, aber gespaltenen Eindruck hinterlassen. Eine au\u00dfergew\u00f6hnlich\u00a0reizvolle Landschaft in Transsilvanien, mit bildhaft h\u00fcbschen St\u00e4dten wie Brasov\/Kronstadt (das von sich selbst behauptet es sei die beste Stadt der Welt) steht einer Vielzahl von ersch\u00fctternd h\u00e4sslichen, teils riesigen und verlassenen Industriekomplexen gegen\u00fcber, die nahezu vor allen St\u00e4dten zu finden sind. Die Mittel f\u00fcr den Abri\u00df oder Umbau standen offenbar nie zur Verf\u00fcgung. Meine Freunde von\u00a0<a href=\"http:\/\/www.go2know.de\/\">Go2Know<\/a>\u00a0h\u00e4tten hier ihre wahre Freude. \u00dcberhaupt scheint man in Rum\u00e4nien h\u00e4ufig zu rigoros beim Bau von Br\u00fccken, Kan\u00e4len, Staud\u00e4mmen und Industrieanlagen in die Natur eingegriffen zu haben. Alles wirkt ein wenig zu gro\u00df, zu plump, zu h\u00e4sslich und zu verkommen. Ein Land voller baulicher Narben.<\/p>\n<div id=\"attachment_743\" style=\"width: 330px\" class=\"wp-caption alignleft\"><a href=\"https:\/\/migotravels.de\/?attachment_id=743\" rel=\"attachment wp-att-743\" title=\"Hmm..\"><img loading=\"lazy\" decoding=\"async\" aria-describedby=\"caption-attachment-743\" class=\"size-medium wp-image-743\" title=\"Hmm..\" src=\"https:\/\/migotravels.de\/wp-content\/uploads\/2011\/09\/P9151568-320x213.jpg\" alt=\"Hmm..\" width=\"320\" height=\"213\" srcset=\"https:\/\/migotravels.de\/wp-content\/uploads\/2011\/09\/P9151568-320x213.jpg 320w, https:\/\/migotravels.de\/wp-content\/uploads\/2011\/09\/P9151568-1620x1080.jpg 1620w\" sizes=\"auto, (max-width: 320px) 100vw, 320px\" \/><\/a><p id=\"caption-attachment-743\" class=\"wp-caption-text\">Hmm..<\/p><\/div>\n<p>Istanbul, mein jetziger Aufenthaltsort ist Ausgangspunkt f\u00fcr die kommenden Beitr\u00e4ge und geeignet f\u00fcr einen einw\u00f6chigen Zwischenstopp auf dem Weg nach Dubai. Zu Gast bei meiner Freundin Gina genie\u00dfe ich den Blick \u00fcber den Bosperus und auf die asiatische Seite der Stadt und bereite mich auf die Weiterfahrt vor. Istanbul selbst liefert den idealen \u00dcbergang in die asiatische und islamische Welt. W\u00e4hrend man in feuchtfr\u00f6hlichen Bargassen ausgelassen feiert, t\u00f6nt das Gebet des Muezzins \u00fcber die Stadt. Das Wort Gottes vermischt sich hier mit westlichem Lebensstil in einer dichten, hektischen und au\u00dfergew\u00f6hnlich vielseitigen Stadt. Der Islam und dessen Auslegung im Allt\u00e4glichen wird mit fortschreitender Ostbewegung an Pr\u00e4senz gewinnen, um dann im Iran in Form der Scharia als Gesetzesgrundlage auf besonders ausgepr\u00e4gte Weise in den Vordergrund zu treten. In den kommenden Wochen und besonders im Iran m\u00f6chte ich vor allem auch eine Auseinandersetzung mit dem auch mir innewohnenden, westlichen Bild der islamischen Welt und der tats\u00e4chlich vorgefunden Wirklichkeit anstreben.<\/p>\n<div id=\"attachment_744\" style=\"width: 330px\" class=\"wp-caption alignleft\"><a href=\"https:\/\/migotravels.de\/?attachment_id=744\" rel=\"attachment wp-att-744\" title=\"Katzen in Istanbul\"><img loading=\"lazy\" decoding=\"async\" aria-describedby=\"caption-attachment-744\" class=\"size-medium wp-image-744\" title=\"Katzen in Istanbul\" src=\"https:\/\/migotravels.de\/wp-content\/uploads\/2011\/09\/P9211603-320x213.jpg\" alt=\"Katzen in Istanbul\" width=\"320\" height=\"213\" srcset=\"https:\/\/migotravels.de\/wp-content\/uploads\/2011\/09\/P9211603-320x213.jpg 320w, https:\/\/migotravels.de\/wp-content\/uploads\/2011\/09\/P9211603-1620x1080.jpg 1620w\" sizes=\"auto, (max-width: 320px) 100vw, 320px\" \/><\/a><p id=\"caption-attachment-744\" class=\"wp-caption-text\">Katzen in Istanbul<\/p><\/div>\n<p>Zun\u00e4chst aber prangt \u00fcberall in Form von Statuen und Bildern der gro\u00dfe Attat\u00fcrk, der Gr\u00fcnder der, im Gegensatz zum Iran, s\u00e4kular gepr\u00e4gten T\u00fcrkei und w\u00e4re da nicht die Vielzahl monumentaler Moscheen in der Stadt, k\u00f6nnte man sich fast in einer westlichen Metropole w\u00e4hnen. Dicht, hektisch und hoffnungslos verstaut ist es hier, doch der Bosperus flie\u00dft, gespickt mit langsam dahin ziehenden Fracht- und Passagierschiffen, wie eine lebensbringende Ader durch die Stadt und scheint das Chaos der Strassen zu schlucken. Auch die von den T\u00fcrken geliebten Katzen, die hier zu hunderten gelassen und friedlich in den Strassen leben, vermitteln der Stadt ein wenig Ruhe. \u00dcberall sitzen sie, bevorzugt auch auf meinem Motorrad, was v\u00f6llig mit Katzentatzentapsen \u00fcberseht ist. Gebetsrufe, M\u00f6wenschreie, der Ruf der Schiffsh\u00f6rner, der sich tief und kraftvoll zwischen den H\u00fcgeln des Bosperusufers aufschaukelt, endloser Bau-und Stra\u00dfenl\u00e4rm, Marktgeschrei und Musik aus der Vielzahl von Bars und Caf\u00e9s ergeben ein nicht gerade stressfreies, aber einzigartiges akustisches Gedicht.<\/p>\n<p>Ich genie\u00dfe diese au\u00dfergew\u00f6hnliche Stadt, bin in Erwartung auf die ca. 6000 vor mir liegenden Kilometer aber m\u00e4chtig ungeduldig. Die grobe Route ist geplant, ein Satz extra Reifen (die ich vermutlich nicht brauche, aber sicher ist sicher) organisiert und auch sonst sind alle Vorbereitungen getroffen. Heute breche ich also nach Osten auf und werde an dieser Stelle meine Gedanken und Erlebnisse zum Besten geben, sobald sich hinreichend Mitteilungsw\u00fcrdiges angesammelt hat. Meine aktuelle Position (links in der Sidebar) werde ich (falls m\u00f6glich) unabh\u00e4ngig vom Geschriebenen aktuell halten.<\/p>\n<p>Wilkommen zur\u00fcck und viel Spass beim Lesen in den kommenden Wochen.<br \/>\nEuer migo.<\/p>\n\n\t\t<style type=\"text\/css\">\n\t\t\t#gallery-1 {\n\t\t\t\tmargin: auto;\n\t\t\t}\n\t\t\t#gallery-1 .gallery-item {\n\t\t\t\tfloat: left;\n\t\t\t\tmargin-top: 10px;\n\t\t\t\ttext-align: center;\n\t\t\t\twidth: 33%;\n\t\t\t}\n\t\t\t#gallery-1 img {\n\t\t\t\tborder: 2px solid #cfcfcf;\n\t\t\t}\n\t\t\t#gallery-1 .gallery-caption {\n\t\t\t\tmargin-left: 0;\n\t\t\t}\n\t\t\t\/* see gallery_shortcode() in wp-includes\/media.php *\/\n\t\t<\/style>\n\t\t<div id='gallery-1' class='gallery galleryid-663 gallery-columns-3 gallery-size-thumbnail'><dl class='gallery-item'>\n\t\t\t<dt class='gallery-icon landscape'>\n\t\t\t\t<a href='https:\/\/migotravels.de\/?attachment_id=664'><img loading=\"lazy\" decoding=\"async\" width=\"150\" height=\"150\" src=\"https:\/\/migotravels.de\/wp-content\/uploads\/2011\/09\/P9091386-150x150.jpg\" class=\"attachment-thumbnail size-thumbnail\" alt=\"\" srcset=\"https:\/\/migotravels.de\/wp-content\/uploads\/2011\/09\/P9091386-150x150.jpg 150w, https:\/\/migotravels.de\/wp-content\/uploads\/2011\/09\/P9091386-96x96.jpg 96w, https:\/\/migotravels.de\/wp-content\/uploads\/2011\/09\/P9091386-24x24.jpg 24w, https:\/\/migotravels.de\/wp-content\/uploads\/2011\/09\/P9091386-36x36.jpg 36w, https:\/\/migotravels.de\/wp-content\/uploads\/2011\/09\/P9091386-48x48.jpg 48w, https:\/\/migotravels.de\/wp-content\/uploads\/2011\/09\/P9091386-64x64.jpg 64w\" sizes=\"auto, (max-width: 150px) 100vw, 150px\" \/><\/a>\n\t\t\t<\/dt><\/dl><dl class='gallery-item'>\n\t\t\t<dt class='gallery-icon landscape'>\n\t\t\t\t<a href='https:\/\/migotravels.de\/?attachment_id=728'><img loading=\"lazy\" decoding=\"async\" width=\"150\" height=\"150\" src=\"https:\/\/migotravels.de\/wp-content\/uploads\/2011\/09\/P9081310-150x150.jpg\" class=\"attachment-thumbnail size-thumbnail\" alt=\"Transf\u0103g\u0103ra\u015fan\" aria-describedby=\"gallery-1-728\" srcset=\"https:\/\/migotravels.de\/wp-content\/uploads\/2011\/09\/P9081310-150x150.jpg 150w, https:\/\/migotravels.de\/wp-content\/uploads\/2011\/09\/P9081310-96x96.jpg 96w, https:\/\/migotravels.de\/wp-content\/uploads\/2011\/09\/P9081310-24x24.jpg 24w, https:\/\/migotravels.de\/wp-content\/uploads\/2011\/09\/P9081310-36x36.jpg 36w, https:\/\/migotravels.de\/wp-content\/uploads\/2011\/09\/P9081310-48x48.jpg 48w, https:\/\/migotravels.de\/wp-content\/uploads\/2011\/09\/P9081310-64x64.jpg 64w\" sizes=\"auto, (max-width: 150px) 100vw, 150px\" \/><\/a>\n\t\t\t<\/dt>\n\t\t\t\t<dd class='wp-caption-text gallery-caption' id='gallery-1-728'>\n\t\t\t\tTransf\u0103g\u0103ra\u015fan\n\t\t\t\t<\/dd><\/dl><dl class='gallery-item'>\n\t\t\t<dt class='gallery-icon landscape'>\n\t\t\t\t<a href='https:\/\/migotravels.de\/?attachment_id=729'><img loading=\"lazy\" decoding=\"async\" width=\"150\" height=\"150\" src=\"https:\/\/migotravels.de\/wp-content\/uploads\/2011\/09\/P9081369-150x150.jpg\" class=\"attachment-thumbnail size-thumbnail\" alt=\"Brasov2\" aria-describedby=\"gallery-1-729\" srcset=\"https:\/\/migotravels.de\/wp-content\/uploads\/2011\/09\/P9081369-150x150.jpg 150w, https:\/\/migotravels.de\/wp-content\/uploads\/2011\/09\/P9081369-96x96.jpg 96w, https:\/\/migotravels.de\/wp-content\/uploads\/2011\/09\/P9081369-24x24.jpg 24w, https:\/\/migotravels.de\/wp-content\/uploads\/2011\/09\/P9081369-36x36.jpg 36w, https:\/\/migotravels.de\/wp-content\/uploads\/2011\/09\/P9081369-48x48.jpg 48w, https:\/\/migotravels.de\/wp-content\/uploads\/2011\/09\/P9081369-64x64.jpg 64w\" sizes=\"auto, (max-width: 150px) 100vw, 150px\" \/><\/a>\n\t\t\t<\/dt>\n\t\t\t\t<dd class='wp-caption-text gallery-caption' id='gallery-1-729'>\n\t\t\t\tBrasov2\n\t\t\t\t<\/dd><\/dl><br style=\"clear: both\" \/><dl class='gallery-item'>\n\t\t\t<dt class='gallery-icon landscape'>\n\t\t\t\t<a href='https:\/\/migotravels.de\/?attachment_id=730'><img loading=\"lazy\" decoding=\"async\" width=\"150\" height=\"150\" src=\"https:\/\/migotravels.de\/wp-content\/uploads\/2011\/09\/P9081371-150x150.jpg\" class=\"attachment-thumbnail size-thumbnail\" alt=\"Brasov\" aria-describedby=\"gallery-1-730\" srcset=\"https:\/\/migotravels.de\/wp-content\/uploads\/2011\/09\/P9081371-150x150.jpg 150w, https:\/\/migotravels.de\/wp-content\/uploads\/2011\/09\/P9081371-96x96.jpg 96w, https:\/\/migotravels.de\/wp-content\/uploads\/2011\/09\/P9081371-24x24.jpg 24w, https:\/\/migotravels.de\/wp-content\/uploads\/2011\/09\/P9081371-36x36.jpg 36w, https:\/\/migotravels.de\/wp-content\/uploads\/2011\/09\/P9081371-48x48.jpg 48w, https:\/\/migotravels.de\/wp-content\/uploads\/2011\/09\/P9081371-64x64.jpg 64w\" sizes=\"auto, (max-width: 150px) 100vw, 150px\" \/><\/a>\n\t\t\t<\/dt>\n\t\t\t\t<dd class='wp-caption-text gallery-caption' id='gallery-1-730'>\n\t\t\t\tBrasov\n\t\t\t\t<\/dd><\/dl><dl class='gallery-item'>\n\t\t\t<dt class='gallery-icon portrait'>\n\t\t\t\t<a href='https:\/\/migotravels.de\/?attachment_id=732'><img loading=\"lazy\" decoding=\"async\" width=\"150\" height=\"150\" src=\"https:\/\/migotravels.de\/wp-content\/uploads\/2011\/09\/P9081365-150x150.jpg\" class=\"attachment-thumbnail size-thumbnail\" alt=\"Oktoberfest in Brasov\" aria-describedby=\"gallery-1-732\" srcset=\"https:\/\/migotravels.de\/wp-content\/uploads\/2011\/09\/P9081365-150x150.jpg 150w, https:\/\/migotravels.de\/wp-content\/uploads\/2011\/09\/P9081365-96x96.jpg 96w, https:\/\/migotravels.de\/wp-content\/uploads\/2011\/09\/P9081365-24x24.jpg 24w, https:\/\/migotravels.de\/wp-content\/uploads\/2011\/09\/P9081365-36x36.jpg 36w, https:\/\/migotravels.de\/wp-content\/uploads\/2011\/09\/P9081365-48x48.jpg 48w, https:\/\/migotravels.de\/wp-content\/uploads\/2011\/09\/P9081365-64x64.jpg 64w\" sizes=\"auto, (max-width: 150px) 100vw, 150px\" \/><\/a>\n\t\t\t<\/dt>\n\t\t\t\t<dd class='wp-caption-text gallery-caption' id='gallery-1-732'>\n\t\t\t\tOktoberfest in Brasov\n\t\t\t\t<\/dd><\/dl><dl class='gallery-item'>\n\t\t\t<dt class='gallery-icon landscape'>\n\t\t\t\t<a href='https:\/\/migotravels.de\/?attachment_id=733'><img loading=\"lazy\" decoding=\"async\" width=\"150\" height=\"150\" src=\"https:\/\/migotravels.de\/wp-content\/uploads\/2011\/09\/SDC16623-150x150.jpg\" class=\"attachment-thumbnail size-thumbnail\" alt=\"Strasse blockiert in Rum\u00e4nien\" aria-describedby=\"gallery-1-733\" srcset=\"https:\/\/migotravels.de\/wp-content\/uploads\/2011\/09\/SDC16623-150x150.jpg 150w, https:\/\/migotravels.de\/wp-content\/uploads\/2011\/09\/SDC16623-96x96.jpg 96w, https:\/\/migotravels.de\/wp-content\/uploads\/2011\/09\/SDC16623-24x24.jpg 24w, https:\/\/migotravels.de\/wp-content\/uploads\/2011\/09\/SDC16623-36x36.jpg 36w, https:\/\/migotravels.de\/wp-content\/uploads\/2011\/09\/SDC16623-48x48.jpg 48w, https:\/\/migotravels.de\/wp-content\/uploads\/2011\/09\/SDC16623-64x64.jpg 64w\" sizes=\"auto, (max-width: 150px) 100vw, 150px\" \/><\/a>\n\t\t\t<\/dt>\n\t\t\t\t<dd class='wp-caption-text gallery-caption' id='gallery-1-733'>\n\t\t\t\tStrasse blockiert in Rum\u00e4nien\n\t\t\t\t<\/dd><\/dl><br style=\"clear: both\" \/><dl class='gallery-item'>\n\t\t\t<dt class='gallery-icon landscape'>\n\t\t\t\t<a href='https:\/\/migotravels.de\/?attachment_id=734'><img loading=\"lazy\" decoding=\"async\" width=\"150\" height=\"150\" src=\"https:\/\/migotravels.de\/wp-content\/uploads\/2011\/09\/P9081260-150x150.jpg\" class=\"attachment-thumbnail size-thumbnail\" alt=\"Wildcampen in den Karpaten\" aria-describedby=\"gallery-1-734\" srcset=\"https:\/\/migotravels.de\/wp-content\/uploads\/2011\/09\/P9081260-150x150.jpg 150w, https:\/\/migotravels.de\/wp-content\/uploads\/2011\/09\/P9081260-96x96.jpg 96w, https:\/\/migotravels.de\/wp-content\/uploads\/2011\/09\/P9081260-24x24.jpg 24w, https:\/\/migotravels.de\/wp-content\/uploads\/2011\/09\/P9081260-36x36.jpg 36w, https:\/\/migotravels.de\/wp-content\/uploads\/2011\/09\/P9081260-48x48.jpg 48w, https:\/\/migotravels.de\/wp-content\/uploads\/2011\/09\/P9081260-64x64.jpg 64w\" sizes=\"auto, (max-width: 150px) 100vw, 150px\" \/><\/a>\n\t\t\t<\/dt>\n\t\t\t\t<dd class='wp-caption-text gallery-caption' id='gallery-1-734'>\n\t\t\t\tWildcampen in den Karpaten\n\t\t\t\t<\/dd><\/dl><dl class='gallery-item'>\n\t\t\t<dt class='gallery-icon landscape'>\n\t\t\t\t<a href='https:\/\/migotravels.de\/?attachment_id=735'><img loading=\"lazy\" decoding=\"async\" width=\"150\" height=\"150\" src=\"https:\/\/migotravels.de\/wp-content\/uploads\/2011\/09\/P9101389-150x150.jpg\" class=\"attachment-thumbnail size-thumbnail\" alt=\"Bikerpicknick am schwarzen Meer\" aria-describedby=\"gallery-1-735\" srcset=\"https:\/\/migotravels.de\/wp-content\/uploads\/2011\/09\/P9101389-150x150.jpg 150w, https:\/\/migotravels.de\/wp-content\/uploads\/2011\/09\/P9101389-96x96.jpg 96w, https:\/\/migotravels.de\/wp-content\/uploads\/2011\/09\/P9101389-24x24.jpg 24w, https:\/\/migotravels.de\/wp-content\/uploads\/2011\/09\/P9101389-36x36.jpg 36w, https:\/\/migotravels.de\/wp-content\/uploads\/2011\/09\/P9101389-48x48.jpg 48w, https:\/\/migotravels.de\/wp-content\/uploads\/2011\/09\/P9101389-64x64.jpg 64w\" sizes=\"auto, (max-width: 150px) 100vw, 150px\" \/><\/a>\n\t\t\t<\/dt>\n\t\t\t\t<dd class='wp-caption-text gallery-caption' id='gallery-1-735'>\n\t\t\t\tBikerpicknick am schwarzen Meer\n\t\t\t\t<\/dd><\/dl><dl class='gallery-item'>\n\t\t\t<dt class='gallery-icon landscape'>\n\t\t\t\t<a href='https:\/\/migotravels.de\/?attachment_id=736'><img loading=\"lazy\" decoding=\"async\" width=\"150\" height=\"150\" src=\"https:\/\/migotravels.de\/wp-content\/uploads\/2011\/09\/P9111431-150x150.jpg\" class=\"attachment-thumbnail size-thumbnail\" alt=\"Zwei entspannen sich in Nessebar\" aria-describedby=\"gallery-1-736\" srcset=\"https:\/\/migotravels.de\/wp-content\/uploads\/2011\/09\/P9111431-150x150.jpg 150w, https:\/\/migotravels.de\/wp-content\/uploads\/2011\/09\/P9111431-96x96.jpg 96w, https:\/\/migotravels.de\/wp-content\/uploads\/2011\/09\/P9111431-24x24.jpg 24w, https:\/\/migotravels.de\/wp-content\/uploads\/2011\/09\/P9111431-36x36.jpg 36w, https:\/\/migotravels.de\/wp-content\/uploads\/2011\/09\/P9111431-48x48.jpg 48w, https:\/\/migotravels.de\/wp-content\/uploads\/2011\/09\/P9111431-64x64.jpg 64w\" sizes=\"auto, (max-width: 150px) 100vw, 150px\" \/><\/a>\n\t\t\t<\/dt>\n\t\t\t\t<dd class='wp-caption-text gallery-caption' id='gallery-1-736'>\n\t\t\t\tZwei entspannen sich in Nessebar\n\t\t\t\t<\/dd><\/dl><br style=\"clear: both\" \/><dl class='gallery-item'>\n\t\t\t<dt class='gallery-icon landscape'>\n\t\t\t\t<a href='https:\/\/migotravels.de\/?attachment_id=737'><img loading=\"lazy\" decoding=\"async\" width=\"150\" height=\"150\" src=\"https:\/\/migotravels.de\/wp-content\/uploads\/2011\/09\/P9111422-150x150.jpg\" class=\"attachment-thumbnail size-thumbnail\" alt=\"Fr\u00fchst\u00fccksidylle\" aria-describedby=\"gallery-1-737\" srcset=\"https:\/\/migotravels.de\/wp-content\/uploads\/2011\/09\/P9111422-150x150.jpg 150w, https:\/\/migotravels.de\/wp-content\/uploads\/2011\/09\/P9111422-96x96.jpg 96w, https:\/\/migotravels.de\/wp-content\/uploads\/2011\/09\/P9111422-24x24.jpg 24w, https:\/\/migotravels.de\/wp-content\/uploads\/2011\/09\/P9111422-36x36.jpg 36w, https:\/\/migotravels.de\/wp-content\/uploads\/2011\/09\/P9111422-48x48.jpg 48w, https:\/\/migotravels.de\/wp-content\/uploads\/2011\/09\/P9111422-64x64.jpg 64w\" sizes=\"auto, (max-width: 150px) 100vw, 150px\" \/><\/a>\n\t\t\t<\/dt>\n\t\t\t\t<dd class='wp-caption-text gallery-caption' id='gallery-1-737'>\n\t\t\t\tFr\u00fchst\u00fccksidylle\n\t\t\t\t<\/dd><\/dl><dl class='gallery-item'>\n\t\t\t<dt class='gallery-icon landscape'>\n\t\t\t\t<a href='https:\/\/migotravels.de\/?attachment_id=738'><img loading=\"lazy\" decoding=\"async\" width=\"150\" height=\"150\" src=\"https:\/\/migotravels.de\/wp-content\/uploads\/2011\/09\/P9111501-150x150.jpg\" class=\"attachment-thumbnail size-thumbnail\" alt=\"Motorflieger\" aria-describedby=\"gallery-1-738\" srcset=\"https:\/\/migotravels.de\/wp-content\/uploads\/2011\/09\/P9111501-150x150.jpg 150w, https:\/\/migotravels.de\/wp-content\/uploads\/2011\/09\/P9111501-96x96.jpg 96w, https:\/\/migotravels.de\/wp-content\/uploads\/2011\/09\/P9111501-24x24.jpg 24w, https:\/\/migotravels.de\/wp-content\/uploads\/2011\/09\/P9111501-36x36.jpg 36w, https:\/\/migotravels.de\/wp-content\/uploads\/2011\/09\/P9111501-48x48.jpg 48w, https:\/\/migotravels.de\/wp-content\/uploads\/2011\/09\/P9111501-64x64.jpg 64w\" sizes=\"auto, (max-width: 150px) 100vw, 150px\" \/><\/a>\n\t\t\t<\/dt>\n\t\t\t\t<dd class='wp-caption-text gallery-caption' id='gallery-1-738'>\n\t\t\t\tMotorflieger\n\t\t\t\t<\/dd><\/dl><dl class='gallery-item'>\n\t\t\t<dt class='gallery-icon landscape'>\n\t\t\t\t<a href='https:\/\/migotravels.de\/?attachment_id=739'><img loading=\"lazy\" decoding=\"async\" width=\"150\" height=\"150\" src=\"https:\/\/migotravels.de\/wp-content\/uploads\/2011\/09\/P9111503-150x150.jpg\" class=\"attachment-thumbnail size-thumbnail\" alt=\"Mittagessen auf Bulgarisch\" aria-describedby=\"gallery-1-739\" srcset=\"https:\/\/migotravels.de\/wp-content\/uploads\/2011\/09\/P9111503-150x150.jpg 150w, https:\/\/migotravels.de\/wp-content\/uploads\/2011\/09\/P9111503-96x96.jpg 96w, https:\/\/migotravels.de\/wp-content\/uploads\/2011\/09\/P9111503-24x24.jpg 24w, https:\/\/migotravels.de\/wp-content\/uploads\/2011\/09\/P9111503-36x36.jpg 36w, https:\/\/migotravels.de\/wp-content\/uploads\/2011\/09\/P9111503-48x48.jpg 48w, https:\/\/migotravels.de\/wp-content\/uploads\/2011\/09\/P9111503-64x64.jpg 64w\" sizes=\"auto, (max-width: 150px) 100vw, 150px\" \/><\/a>\n\t\t\t<\/dt>\n\t\t\t\t<dd class='wp-caption-text gallery-caption' id='gallery-1-739'>\n\t\t\t\tMittagessen auf Bulgarisch\n\t\t\t\t<\/dd><\/dl><br style=\"clear: both\" \/><dl class='gallery-item'>\n\t\t\t<dt class='gallery-icon landscape'>\n\t\t\t\t<a href='https:\/\/migotravels.de\/?attachment_id=740'><img loading=\"lazy\" decoding=\"async\" width=\"150\" height=\"150\" src=\"https:\/\/migotravels.de\/wp-content\/uploads\/2011\/09\/SDC16845-150x150.jpg\" class=\"attachment-thumbnail size-thumbnail\" alt=\"Grenze Bulgarien-T\u00fcrkei\" aria-describedby=\"gallery-1-740\" srcset=\"https:\/\/migotravels.de\/wp-content\/uploads\/2011\/09\/SDC16845-150x150.jpg 150w, https:\/\/migotravels.de\/wp-content\/uploads\/2011\/09\/SDC16845-96x96.jpg 96w, https:\/\/migotravels.de\/wp-content\/uploads\/2011\/09\/SDC16845-24x24.jpg 24w, https:\/\/migotravels.de\/wp-content\/uploads\/2011\/09\/SDC16845-36x36.jpg 36w, https:\/\/migotravels.de\/wp-content\/uploads\/2011\/09\/SDC16845-48x48.jpg 48w, https:\/\/migotravels.de\/wp-content\/uploads\/2011\/09\/SDC16845-64x64.jpg 64w\" sizes=\"auto, (max-width: 150px) 100vw, 150px\" \/><\/a>\n\t\t\t<\/dt>\n\t\t\t\t<dd class='wp-caption-text gallery-caption' id='gallery-1-740'>\n\t\t\t\tGrenze  Bulgarien-T\u00fcrkei\n\t\t\t\t<\/dd><\/dl><dl class='gallery-item'>\n\t\t\t<dt class='gallery-icon landscape'>\n\t\t\t\t<a href='https:\/\/migotravels.de\/?attachment_id=741'><img loading=\"lazy\" decoding=\"async\" width=\"150\" height=\"150\" src=\"https:\/\/migotravels.de\/wp-content\/uploads\/2011\/09\/P9141547-150x150.jpg\" class=\"attachment-thumbnail size-thumbnail\" alt=\"Kirsten und Attat\u00fcrk\" aria-describedby=\"gallery-1-741\" srcset=\"https:\/\/migotravels.de\/wp-content\/uploads\/2011\/09\/P9141547-150x150.jpg 150w, https:\/\/migotravels.de\/wp-content\/uploads\/2011\/09\/P9141547-96x96.jpg 96w, https:\/\/migotravels.de\/wp-content\/uploads\/2011\/09\/P9141547-24x24.jpg 24w, https:\/\/migotravels.de\/wp-content\/uploads\/2011\/09\/P9141547-36x36.jpg 36w, https:\/\/migotravels.de\/wp-content\/uploads\/2011\/09\/P9141547-48x48.jpg 48w, https:\/\/migotravels.de\/wp-content\/uploads\/2011\/09\/P9141547-64x64.jpg 64w\" sizes=\"auto, (max-width: 150px) 100vw, 150px\" \/><\/a>\n\t\t\t<\/dt>\n\t\t\t\t<dd class='wp-caption-text gallery-caption' id='gallery-1-741'>\n\t\t\t\tKirsten und Attat\u00fcrk\n\t\t\t\t<\/dd><\/dl><dl class='gallery-item'>\n\t\t\t<dt class='gallery-icon landscape'>\n\t\t\t\t<a href='https:\/\/migotravels.de\/?attachment_id=743'><img loading=\"lazy\" decoding=\"async\" width=\"150\" height=\"150\" src=\"https:\/\/migotravels.de\/wp-content\/uploads\/2011\/09\/P9151568-150x150.jpg\" class=\"attachment-thumbnail size-thumbnail\" alt=\"Hmm..\" aria-describedby=\"gallery-1-743\" srcset=\"https:\/\/migotravels.de\/wp-content\/uploads\/2011\/09\/P9151568-150x150.jpg 150w, https:\/\/migotravels.de\/wp-content\/uploads\/2011\/09\/P9151568-96x96.jpg 96w, https:\/\/migotravels.de\/wp-content\/uploads\/2011\/09\/P9151568-24x24.jpg 24w, https:\/\/migotravels.de\/wp-content\/uploads\/2011\/09\/P9151568-36x36.jpg 36w, https:\/\/migotravels.de\/wp-content\/uploads\/2011\/09\/P9151568-48x48.jpg 48w, https:\/\/migotravels.de\/wp-content\/uploads\/2011\/09\/P9151568-64x64.jpg 64w\" sizes=\"auto, (max-width: 150px) 100vw, 150px\" \/><\/a>\n\t\t\t<\/dt>\n\t\t\t\t<dd class='wp-caption-text gallery-caption' id='gallery-1-743'>\n\t\t\t\tHmm..\n\t\t\t\t<\/dd><\/dl><br style=\"clear: both\" \/><dl class='gallery-item'>\n\t\t\t<dt class='gallery-icon landscape'>\n\t\t\t\t<a href='https:\/\/migotravels.de\/?attachment_id=744'><img loading=\"lazy\" decoding=\"async\" width=\"150\" height=\"150\" src=\"https:\/\/migotravels.de\/wp-content\/uploads\/2011\/09\/P9211603-150x150.jpg\" class=\"attachment-thumbnail size-thumbnail\" alt=\"Katzen in Istanbul\" aria-describedby=\"gallery-1-744\" srcset=\"https:\/\/migotravels.de\/wp-content\/uploads\/2011\/09\/P9211603-150x150.jpg 150w, https:\/\/migotravels.de\/wp-content\/uploads\/2011\/09\/P9211603-96x96.jpg 96w, https:\/\/migotravels.de\/wp-content\/uploads\/2011\/09\/P9211603-24x24.jpg 24w, https:\/\/migotravels.de\/wp-content\/uploads\/2011\/09\/P9211603-36x36.jpg 36w, https:\/\/migotravels.de\/wp-content\/uploads\/2011\/09\/P9211603-48x48.jpg 48w, https:\/\/migotravels.de\/wp-content\/uploads\/2011\/09\/P9211603-64x64.jpg 64w\" sizes=\"auto, (max-width: 150px) 100vw, 150px\" \/><\/a>\n\t\t\t<\/dt>\n\t\t\t\t<dd class='wp-caption-text gallery-caption' id='gallery-1-744'>\n\t\t\t\tKatzen in Istanbul\n\t\t\t\t<\/dd><\/dl><dl class='gallery-item'>\n\t\t\t<dt class='gallery-icon landscape'>\n\t\t\t\t<a href='https:\/\/migotravels.de\/?attachment_id=810'><img loading=\"lazy\" decoding=\"async\" width=\"150\" height=\"150\" src=\"https:\/\/migotravels.de\/wp-content\/uploads\/2011\/09\/SDC16886-150x150.jpg\" class=\"attachment-thumbnail size-thumbnail\" alt=\"Aufbruchstimmung\" aria-describedby=\"gallery-1-810\" srcset=\"https:\/\/migotravels.de\/wp-content\/uploads\/2011\/09\/SDC16886-150x150.jpg 150w, https:\/\/migotravels.de\/wp-content\/uploads\/2011\/09\/SDC16886-96x96.jpg 96w, https:\/\/migotravels.de\/wp-content\/uploads\/2011\/09\/SDC16886-24x24.jpg 24w, https:\/\/migotravels.de\/wp-content\/uploads\/2011\/09\/SDC16886-36x36.jpg 36w, https:\/\/migotravels.de\/wp-content\/uploads\/2011\/09\/SDC16886-48x48.jpg 48w, https:\/\/migotravels.de\/wp-content\/uploads\/2011\/09\/SDC16886-64x64.jpg 64w\" sizes=\"auto, (max-width: 150px) 100vw, 150px\" \/><\/a>\n\t\t\t<\/dt>\n\t\t\t\t<dd class='wp-caption-text gallery-caption' id='gallery-1-810'>\n\t\t\t\tAufbruchstimmung\n\t\t\t\t<\/dd><\/dl>\n\t\t\t<br style='clear: both' \/>\n\t\t<\/div>\n\n","protected":false},"excerpt":{"rendered":"<p>Nach l\u00e4ngerer Zeit des R\u00fcckblicks auf afrikanische Erlebnisse, darf ich mit Aufregung wieder nach vorne schauen. Eine neue Tour steht an, diesmal Richtung S\u00fcdosten quer durch die T\u00fcrkei und den Iran zum persischen Golf. \u00a0Der jahreszeitliche und pers\u00f6nliche Zeitpunkt ist &hellip; <a href=\"https:\/\/migotravels.de\/?p=663\">Weiterlesen <span class=\"meta-nav\">&rarr;<\/span><\/a><\/p>\n","protected":false},"author":2,"featured_media":0,"comment_status":"open","ping_status":"open","sticky":false,"template":"","format":"standard","meta":{"footnotes":""},"categories":[9],"tags":[],"class_list":["post-663","post","type-post","status-publish","format-standard","hentry","category-iran_turkey"],"_links":{"self":[{"href":"https:\/\/migotravels.de\/index.php?rest_route=\/wp\/v2\/posts\/663","targetHints":{"allow":["GET"]}}],"collection":[{"href":"https:\/\/migotravels.de\/index.php?rest_route=\/wp\/v2\/posts"}],"about":[{"href":"https:\/\/migotravels.de\/index.php?rest_route=\/wp\/v2\/types\/post"}],"author":[{"embeddable":true,"href":"https:\/\/migotravels.de\/index.php?rest_route=\/wp\/v2\/users\/2"}],"replies":[{"embeddable":true,"href":"https:\/\/migotravels.de\/index.php?rest_route=%2Fwp%2Fv2%2Fcomments&post=663"}],"version-history":[{"count":153,"href":"https:\/\/migotravels.de\/index.php?rest_route=\/wp\/v2\/posts\/663\/revisions"}],"predecessor-version":[{"id":697,"href":"https:\/\/migotravels.de\/index.php?rest_route=\/wp\/v2\/posts\/663\/revisions\/697"}],"wp:attachment":[{"href":"https:\/\/migotravels.de\/index.php?rest_route=%2Fwp%2Fv2%2Fmedia&parent=663"}],"wp:term":[{"taxonomy":"category","embeddable":true,"href":"https:\/\/migotravels.de\/index.php?rest_route=%2Fwp%2Fv2%2Fcategories&post=663"},{"taxonomy":"post_tag","embeddable":true,"href":"https:\/\/migotravels.de\/index.php?rest_route=%2Fwp%2Fv2%2Ftags&post=663"}],"curies":[{"name":"wp","href":"https:\/\/api.w.org\/{rel}","templated":true}]}}