{"id":1244,"date":"2011-10-24T12:36:45","date_gmt":"2011-10-24T10:36:45","guid":{"rendered":"http:\/\/www.migotravels.de\/?p=1244"},"modified":"2011-10-24T12:47:20","modified_gmt":"2011-10-24T10:47:20","slug":"teheran","status":"publish","type":"post","link":"https:\/\/migotravels.de\/?p=1244","title":{"rendered":"Teheran"},"content":{"rendered":"<div id=\"attachment_1255\" style=\"width: 330px\" class=\"wp-caption alignleft\"><a href=\"https:\/\/migotravels.de\/wp-content\/uploads\/2011\/10\/PA232583.jpg\" title=\"Sauer Frucht Stand\"><img loading=\"lazy\" decoding=\"async\" aria-describedby=\"caption-attachment-1255\" class=\"size-medium wp-image-1255\" title=\"Sauer Frucht Stand\" src=\"https:\/\/migotravels.de\/wp-content\/uploads\/2011\/10\/PA232583-320x213.jpg\" alt=\"Sauer Frucht Stand\" width=\"320\" height=\"213\" srcset=\"https:\/\/migotravels.de\/wp-content\/uploads\/2011\/10\/PA232583-320x213.jpg 320w, https:\/\/migotravels.de\/wp-content\/uploads\/2011\/10\/PA232583-1620x1080.jpg 1620w, https:\/\/migotravels.de\/wp-content\/uploads\/2011\/10\/PA232583.jpg 1930w\" sizes=\"auto, (max-width: 320px) 100vw, 320px\" \/><\/a><p id=\"caption-attachment-1255\" class=\"wp-caption-text\">Sauer Frucht Stand<\/p><\/div>\n<div id=\"attachment_1246\" style=\"width: 330px\" class=\"wp-caption alignleft\"><a href=\"https:\/\/migotravels.de\/wp-content\/uploads\/2011\/10\/PA212540.jpg\" title=\"Ich in interessierter Lehrergruppe\"><img loading=\"lazy\" decoding=\"async\" aria-describedby=\"caption-attachment-1246\" class=\"size-medium wp-image-1246 \" title=\"Ich in interessierter Lehrergruppe\" src=\"https:\/\/migotravels.de\/wp-content\/uploads\/2011\/10\/PA212540-320x213.jpg\" alt=\"Ich in interessierter Lehrergruppe\" width=\"320\" height=\"213\" srcset=\"https:\/\/migotravels.de\/wp-content\/uploads\/2011\/10\/PA212540-320x213.jpg 320w, https:\/\/migotravels.de\/wp-content\/uploads\/2011\/10\/PA212540-1620x1080.jpg 1620w, https:\/\/migotravels.de\/wp-content\/uploads\/2011\/10\/PA212540.jpg 1930w\" sizes=\"auto, (max-width: 320px) 100vw, 320px\" \/><\/a><p id=\"caption-attachment-1246\" class=\"wp-caption-text\">Ich in interessierter Lehrergruppe<\/p><\/div>\n<p>Bei frischen zehn Grad Celsius mache ich mich auf den Weg in die Hauptstadt. Eiskalter Wind fegt \u00fcber die mehrspurige Verbindungsstra\u00dfe von Zanjan nach Teheran, k\u00fchlt mich bis auf die Knochen aus und vernebelt die Sicht mit aufgewirbeltem Sand. Zusammen mit ausgetrockneten Buschresten fliegen Plastet\u00fcten, Pappkartons und diverser anderer flugtauglicher M\u00fcll \u00fcber die Fahrbahn. Kein angenehmer Einstieg in die 15-Millionen Metropole. W\u00e4hrend die Stra\u00dfe zunehmend voller wird, fahren immer wieder Fahrzeuge auf meiner H\u00f6he und die Insassen winken und hupen. Die Wilkommensfreude der Iraner ist ungebrochen und immer wieder bemerkenswert. Kaum vergeht ein Halt an dem nicht Leute auf mich zukommen, mit mir reden und mir etwas zum Essen geben und seien es nur iranische T\u00fctenchips , kein Cafebesuch in dem sich nicht Leute zu mir an den Tisch bzw. auf den Teppich setzten und keine Fahrt, in der kein Mopedfahrer mich begr\u00fc\u00dft und fragt ob er mir helfen k\u00f6nnen.<\/p>\n<div id=\"attachment_1248\" style=\"width: 330px\" class=\"wp-caption alignleft\"><a href=\"https:\/\/migotravels.de\/wp-content\/uploads\/2011\/10\/PA212551.jpg\" title=\"praktisch eigentlich\"><img loading=\"lazy\" decoding=\"async\" aria-describedby=\"caption-attachment-1248\" class=\"size-medium wp-image-1248\" title=\"praktisch eigentlich\" src=\"https:\/\/migotravels.de\/wp-content\/uploads\/2011\/10\/PA212551-320x213.jpg\" alt=\"praktisch eigentlich\" width=\"320\" height=\"213\" srcset=\"https:\/\/migotravels.de\/wp-content\/uploads\/2011\/10\/PA212551-320x213.jpg 320w, https:\/\/migotravels.de\/wp-content\/uploads\/2011\/10\/PA212551-1620x1080.jpg 1620w, https:\/\/migotravels.de\/wp-content\/uploads\/2011\/10\/PA212551.jpg 1930w\" sizes=\"auto, (max-width: 320px) 100vw, 320px\" \/><\/a><p id=\"caption-attachment-1248\" class=\"wp-caption-text\">praktisch eigentlich<\/p><\/div>\n<p>Ich w\u00fchle mich langsam, aber fl\u00fcssiger als bef\u00fcrchtet, in die Eingeweide der Stadt vor und kann gar nicht genug betonen, wie dankbar ich \u00fcber die F\u00fchrung via GPS bin. Die Karten f\u00fcr den Iran sind nicht immer korrekt aber recht brauchbar und nehmen in erster Linie der Navigation in gro\u00dfen St\u00e4dten den Schrecken. Ganz nach meinem Motto &#8222;Mitflie\u00dfen ist besser als zu vorsichtig fahren&#8220; passe ich mich einigerma\u00dfen dem Verkehrschaos an und k\u00e4mpfe zusammen mit den anderen Moppedfahrern um jeden Zentimeter zwischen den Blechlawinen. Jeder Raum wird genutzt. Da dies auch die B\u00fcrgersteige beinhaltet, sind diese meist mit Blockaden ausgestattet, um die Mopeds von der Durchfahrt zu hindern. Nicht nur einmal f\u00e4hrt mir ein Auto mit der Sto\u00dfstange ans Hinterrad, um blo\u00df keinen Zentimeter zu verschenken.<\/p>\n<div id=\"attachment_1253\" style=\"width: 223px\" class=\"wp-caption alignleft\"><a href=\"https:\/\/migotravels.de\/wp-content\/uploads\/2011\/10\/PA222559.jpg\" title=\"ein Eingang zum Teheran  Basar\"><img loading=\"lazy\" decoding=\"async\" aria-describedby=\"caption-attachment-1253\" class=\"size-medium wp-image-1253\" title=\"ein Eingang zum Teheran  Basar\" src=\"https:\/\/migotravels.de\/wp-content\/uploads\/2011\/10\/PA222559-213x320.jpg\" alt=\"ein Eingang zum Teheran Basar\" width=\"213\" height=\"320\" srcset=\"https:\/\/migotravels.de\/wp-content\/uploads\/2011\/10\/PA222559-213x320.jpg 213w, https:\/\/migotravels.de\/wp-content\/uploads\/2011\/10\/PA222559-719x1080.jpg 719w, https:\/\/migotravels.de\/wp-content\/uploads\/2011\/10\/PA222559.jpg 1286w\" sizes=\"auto, (max-width: 213px) 100vw, 213px\" \/><\/a><p id=\"caption-attachment-1253\" class=\"wp-caption-text\">ein Eingang zum Teheran Basar<\/p><\/div>\n<p>Auch in Teheran begebe ich mich auf den Basar, der der Gr\u00f6\u00dfte und Bedeutendste des Landes ist. Seit der T\u00fcrkei habe ich viele gesehen und w\u00e4hrend der Grand Basar in Istanbul kaum an Majest\u00e4tik und Prunk zu \u00fcbertreffen ist, sich aber sehr touristisch gepr\u00e4gt anf\u00fchlt, imponiert der Teheraner Basar neben der Gr\u00f6\u00dfe durch Authentizit\u00e4t. Er ist eine Stadt in der Stadt. Dutzende einzelne Basare sind zusammen mit einen ganzen Stadtviertel zu einem fast vollst\u00e4ndig \u00fcberdachten Gesamthandelsplatz verschmolzen. Hat man sich einmal beim Bummeln in den Innereien verloren, ist es schwieriger als man denken w\u00fcrde, wieder auf die offene Stra\u00dfe zur\u00fcckzufinden. Die Laden- und Produktdichte ist \u00fcberw\u00e4ltigend. Neben den zahllosen L\u00e4den, die sich nach Rubriken in die labyrinthischen Strukturen gruppieren, gibt es auch Banken und Moscheen. Es fahren nat\u00fcrlich keine Autos in den engen Basarwegen, also schieben Transporteure mit Schubwagen die Produkte durch das Gassengewirr an seinen Bestimmungsort. Das Basarleben wird hier echt gelebt und der Basar ist nach wie vor einer der bedeutendsten Warenumschlagpl\u00e4tze des Landes.<\/p>\n<p>Ich befinde mich in der Altstadt, die neben dem Basar auch den Golestanpalast mit beeindruckenden Spiegels\u00e4len und andere Sehensw\u00fcrdigkeiten enth\u00e4lt, im Verh\u00e4ltnis zum neueren und wohlhabenden Norden aber deutlich heruntergekommener und unansehnlicher ist. \u00dcber diverse Freundesverbindungen habe ich eine Kontakt, L., in der Stadt, mit dem ich mich im n\u00f6rdlichen Teil verabrede. Auf der Fahrt dorthin wird mir bewusst, wie riesig Teheran eigentlich ist. In dicht verworrenen Stra\u00dfennetzen arbeite ich mich 10 Kilometer Richtung Norden und befinde mich gef\u00fchlt immer noch mitten in der Innenstadt. Hier ist das eigentliche Teheran, sagt mein neuer Freund und r\u00fcmpft die Nase \u00fcber die Ecke in der ich untergekommen bin. Teheran ist viel zu gro\u00df, um es es unter einen beschreibenden Hut zu bringen.<\/p>\n<p>Wir fahren gemeinsam in die Wohnung eines Freundes und ich erhalte die Gelegenheit in ein mir v\u00f6llig fremdes Iranbild, das hinter den Wohnungst\u00fcren, Einblick zu nehmen. Frauen sitzen mir pl\u00f6tzlich ohne Kopftuch gegen\u00fcber. In Teheran ist der Dresscode der Frauen noch deutlich lockerer als in Tabriz, aber eine Frau ohne Kopftuch gibt es dennoch nicht, auch wenn viele das Kopftuch. derart fadenscheinig auf den hintersten Teil der aufgesteckten Haare werfen, dass es kaum als Kopfbedeckung im eigentlichen Sinne durchgeht. Hinter verschlossenen T\u00fcren wird aber nicht nur das Kopftuch abgenommen, sonder auch die Hose ausgezogen, um im luftigen, aufreizenden Kleidchen Platz zu nehmen. Verklemmt ist anders und verh\u00fcllt sowieso. Hinter iranischen Wohnungst\u00fcren spielt sich eine andere Realit\u00e4t ab, eine in der es Alkohol genauso wie Drogen gibt und man &#8222;eigentlich nicht richtig Moslem&#8220; ist. Es gibt keine Clubs oder Diskos und eine MTV gepr\u00e4gte Generation tanzt und feiert in privaten Wohnzimmern. &#8222;Das sind richtige Moslems&#8220; meint L. und zeigt auf eine vollst\u00e4ndig (au\u00dfer Gesicht) verh\u00fcllte Frau. Diese gibt es genauso und auch zahlreich und die Wohnungst\u00fcr hinter die ich blicken konnte, ist auch nur eine von Millionen.<\/p>\n<p>Ich erz\u00e4hle, das man in Deutschland bzw. im Westen denkt, ich bin verr\u00fcckt, wenn ich in den Iran fahre und ernte nat\u00fcrlich Missverst\u00e4ndnis. Warum?, weil das uns vermittelte Bild ein negatives und stark vereinfachtes ist und weil Islam auf eine Art kommuniziert wird, die bei oberfl\u00e4chlichem Medienkonsum als Bedrohung wahrgenommen werden kann und im schlimmsten Fall mit Fundamentalismus und Terrorismus gleichgesetzt wird. Blickt man etwas genauer auf die geschichtliche Entwicklungen im vergangenen Jahrhundert verwundert es eher, dass die islamische Welt nicht viel abweisender und aggressiver auf die Westm\u00e4chte und die Invasion westlicher Kultur reagiert hat, als mit Anschl\u00e4gen extremer Splittergruppen und auch das wir ganz sicher nicht die Guten sind. Naja, oberfl\u00e4chliches Geschwafel, man k\u00f6nnte einen Buchband zur Thematik schreiben.<\/p>\n<p>Alle mit denen ich bislang \u00fcber die Thematik reden konnte, r\u00fcmpfen jedoch die Nase \u00fcber ihren Pr\u00e4sidenten oder ihre religi\u00f6se F\u00fchrung. Man denkt es sind 90% der Bev\u00f6lkerung, die lieber fr\u00fcher als sp\u00e4ter eine neue Regierung h\u00e4tten. Inwiefern das nur der Blick einer bestimmten Gruppe ist, kann ich unm\u00f6glich beurteilen. Nach Jahren islamischer Pr\u00e4gung\u00a0 schwefelt aber auch hier das Bed\u00fcrfnis nach einer Lockerung, einer \u00d6ffnung nach Au\u00dfen und mehr Freiheit. Eine recht ausgepr\u00e4gte Internetfilterung hilft nicht unbedingt, um seiner Meinung \u00f6ffentlich Luft zu machen, aber untereinander tauscht man sich nat\u00fcrlich aus. Nach Syrien, ist der Iran dran h\u00f6re ich, aber ich sp\u00fcre keinen revolution\u00e4ren Funken. H\u00e4tte man diesen in Tunesien oder \u00c4gypten gesp\u00fcrt?<\/p>\n<p>Nach 2 wunderbaren Abenden im n\u00f6rdlichen Teil der Stadt und einer zus\u00e4tzlichen Nacht bei meinen neuen Freunden, in denen ich neben der Gastfreundschaft der Iraner auch gutes Essen und exklusiveres Teheran kennen lernen durfte, geht es nun weiter ins Landesinnere.\u00a0Der logische Weg von hier aus w\u00fcrde mich auf gut ausgebauten Stra\u00dfen weiter in den S\u00fcden \u00fcber Qom nach Esfahan f\u00fchren, man kann aber auch mit gro\u00dfem Umweg und Oasenabstechern einmal quer durch die W\u00fcste fahren. Nun ratet mal f\u00fcr welchen Weg ich mich entschieden habe ;).<\/p>\n\n\t\t<style type=\"text\/css\">\n\t\t\t#gallery-1 {\n\t\t\t\tmargin: auto;\n\t\t\t}\n\t\t\t#gallery-1 .gallery-item {\n\t\t\t\tfloat: left;\n\t\t\t\tmargin-top: 10px;\n\t\t\t\ttext-align: center;\n\t\t\t\twidth: 33%;\n\t\t\t}\n\t\t\t#gallery-1 img {\n\t\t\t\tborder: 2px solid #cfcfcf;\n\t\t\t}\n\t\t\t#gallery-1 .gallery-caption {\n\t\t\t\tmargin-left: 0;\n\t\t\t}\n\t\t\t\/* see gallery_shortcode() in wp-includes\/media.php *\/\n\t\t<\/style>\n\t\t<div id='gallery-1' class='gallery galleryid-1244 gallery-columns-3 gallery-size-thumbnail'><dl class='gallery-item'>\n\t\t\t<dt class='gallery-icon landscape'>\n\t\t\t\t<a href='https:\/\/migotravels.de\/?attachment_id=1255'><img loading=\"lazy\" decoding=\"async\" width=\"150\" height=\"150\" src=\"https:\/\/migotravels.de\/wp-content\/uploads\/2011\/10\/PA232583-150x150.jpg\" class=\"attachment-thumbnail size-thumbnail\" alt=\"Sauer Frucht Stand\" aria-describedby=\"gallery-1-1255\" srcset=\"https:\/\/migotravels.de\/wp-content\/uploads\/2011\/10\/PA232583-150x150.jpg 150w, https:\/\/migotravels.de\/wp-content\/uploads\/2011\/10\/PA232583-96x96.jpg 96w, https:\/\/migotravels.de\/wp-content\/uploads\/2011\/10\/PA232583-24x24.jpg 24w, https:\/\/migotravels.de\/wp-content\/uploads\/2011\/10\/PA232583-36x36.jpg 36w, https:\/\/migotravels.de\/wp-content\/uploads\/2011\/10\/PA232583-48x48.jpg 48w, https:\/\/migotravels.de\/wp-content\/uploads\/2011\/10\/PA232583-64x64.jpg 64w\" sizes=\"auto, (max-width: 150px) 100vw, 150px\" \/><\/a>\n\t\t\t<\/dt>\n\t\t\t\t<dd class='wp-caption-text gallery-caption' id='gallery-1-1255'>\n\t\t\t\tSauer Frucht Stand\n\t\t\t\t<\/dd><\/dl><dl class='gallery-item'>\n\t\t\t<dt class='gallery-icon portrait'>\n\t\t\t\t<a href='https:\/\/migotravels.de\/?attachment_id=1254'><img loading=\"lazy\" decoding=\"async\" width=\"150\" height=\"150\" src=\"https:\/\/migotravels.de\/wp-content\/uploads\/2011\/10\/PA222566-150x150.jpg\" class=\"attachment-thumbnail size-thumbnail\" alt=\"Golestan Palast\" aria-describedby=\"gallery-1-1254\" srcset=\"https:\/\/migotravels.de\/wp-content\/uploads\/2011\/10\/PA222566-150x150.jpg 150w, https:\/\/migotravels.de\/wp-content\/uploads\/2011\/10\/PA222566-96x96.jpg 96w, https:\/\/migotravels.de\/wp-content\/uploads\/2011\/10\/PA222566-24x24.jpg 24w, https:\/\/migotravels.de\/wp-content\/uploads\/2011\/10\/PA222566-36x36.jpg 36w, https:\/\/migotravels.de\/wp-content\/uploads\/2011\/10\/PA222566-48x48.jpg 48w, https:\/\/migotravels.de\/wp-content\/uploads\/2011\/10\/PA222566-64x64.jpg 64w\" sizes=\"auto, (max-width: 150px) 100vw, 150px\" \/><\/a>\n\t\t\t<\/dt>\n\t\t\t\t<dd class='wp-caption-text gallery-caption' id='gallery-1-1254'>\n\t\t\t\tGolestan Palast\n\t\t\t\t<\/dd><\/dl><dl class='gallery-item'>\n\t\t\t<dt class='gallery-icon portrait'>\n\t\t\t\t<a href='https:\/\/migotravels.de\/?attachment_id=1253'><img loading=\"lazy\" decoding=\"async\" width=\"150\" height=\"150\" src=\"https:\/\/migotravels.de\/wp-content\/uploads\/2011\/10\/PA222559-150x150.jpg\" class=\"attachment-thumbnail size-thumbnail\" alt=\"ein Eingang zum Teheran Basar\" aria-describedby=\"gallery-1-1253\" srcset=\"https:\/\/migotravels.de\/wp-content\/uploads\/2011\/10\/PA222559-150x150.jpg 150w, https:\/\/migotravels.de\/wp-content\/uploads\/2011\/10\/PA222559-96x96.jpg 96w, https:\/\/migotravels.de\/wp-content\/uploads\/2011\/10\/PA222559-24x24.jpg 24w, https:\/\/migotravels.de\/wp-content\/uploads\/2011\/10\/PA222559-36x36.jpg 36w, https:\/\/migotravels.de\/wp-content\/uploads\/2011\/10\/PA222559-48x48.jpg 48w, https:\/\/migotravels.de\/wp-content\/uploads\/2011\/10\/PA222559-64x64.jpg 64w\" sizes=\"auto, (max-width: 150px) 100vw, 150px\" \/><\/a>\n\t\t\t<\/dt>\n\t\t\t\t<dd class='wp-caption-text gallery-caption' id='gallery-1-1253'>\n\t\t\t\tein Eingang zum Teheran  Basar\n\t\t\t\t<\/dd><\/dl><br style=\"clear: both\" \/><dl class='gallery-item'>\n\t\t\t<dt class='gallery-icon landscape'>\n\t\t\t\t<a href='https:\/\/migotravels.de\/?attachment_id=1252'><img loading=\"lazy\" decoding=\"async\" width=\"150\" height=\"150\" src=\"https:\/\/migotravels.de\/wp-content\/uploads\/2011\/10\/PA222557-150x150.jpg\" class=\"attachment-thumbnail size-thumbnail\" alt=\"Taxis, aber genutzt wie bei uns Busse\" aria-describedby=\"gallery-1-1252\" srcset=\"https:\/\/migotravels.de\/wp-content\/uploads\/2011\/10\/PA222557-150x150.jpg 150w, https:\/\/migotravels.de\/wp-content\/uploads\/2011\/10\/PA222557-96x96.jpg 96w, https:\/\/migotravels.de\/wp-content\/uploads\/2011\/10\/PA222557-24x24.jpg 24w, https:\/\/migotravels.de\/wp-content\/uploads\/2011\/10\/PA222557-36x36.jpg 36w, https:\/\/migotravels.de\/wp-content\/uploads\/2011\/10\/PA222557-48x48.jpg 48w, https:\/\/migotravels.de\/wp-content\/uploads\/2011\/10\/PA222557-64x64.jpg 64w\" sizes=\"auto, (max-width: 150px) 100vw, 150px\" \/><\/a>\n\t\t\t<\/dt>\n\t\t\t\t<dd class='wp-caption-text gallery-caption' id='gallery-1-1252'>\n\t\t\t\tTaxis, aber genutzt wie bei uns Busse\n\t\t\t\t<\/dd><\/dl><dl class='gallery-item'>\n\t\t\t<dt class='gallery-icon portrait'>\n\t\t\t\t<a href='https:\/\/migotravels.de\/?attachment_id=1251'><img loading=\"lazy\" decoding=\"async\" width=\"150\" height=\"150\" src=\"https:\/\/migotravels.de\/wp-content\/uploads\/2011\/10\/PA212555-150x150.jpg\" class=\"attachment-thumbnail size-thumbnail\" alt=\"typischer Imbiss\" aria-describedby=\"gallery-1-1251\" srcset=\"https:\/\/migotravels.de\/wp-content\/uploads\/2011\/10\/PA212555-150x150.jpg 150w, https:\/\/migotravels.de\/wp-content\/uploads\/2011\/10\/PA212555-96x96.jpg 96w, https:\/\/migotravels.de\/wp-content\/uploads\/2011\/10\/PA212555-24x24.jpg 24w, https:\/\/migotravels.de\/wp-content\/uploads\/2011\/10\/PA212555-36x36.jpg 36w, https:\/\/migotravels.de\/wp-content\/uploads\/2011\/10\/PA212555-48x48.jpg 48w, https:\/\/migotravels.de\/wp-content\/uploads\/2011\/10\/PA212555-64x64.jpg 64w\" sizes=\"auto, (max-width: 150px) 100vw, 150px\" \/><\/a>\n\t\t\t<\/dt>\n\t\t\t\t<dd class='wp-caption-text gallery-caption' id='gallery-1-1251'>\n\t\t\t\ttypischer Imbiss\n\t\t\t\t<\/dd><\/dl><dl class='gallery-item'>\n\t\t\t<dt class='gallery-icon landscape'>\n\t\t\t\t<a href='https:\/\/migotravels.de\/?attachment_id=1250'><img loading=\"lazy\" decoding=\"async\" width=\"150\" height=\"150\" src=\"https:\/\/migotravels.de\/wp-content\/uploads\/2011\/10\/PA212553-150x150.jpg\" class=\"attachment-thumbnail size-thumbnail\" alt=\"Moped Blockade\" aria-describedby=\"gallery-1-1250\" srcset=\"https:\/\/migotravels.de\/wp-content\/uploads\/2011\/10\/PA212553-150x150.jpg 150w, https:\/\/migotravels.de\/wp-content\/uploads\/2011\/10\/PA212553-96x96.jpg 96w, https:\/\/migotravels.de\/wp-content\/uploads\/2011\/10\/PA212553-24x24.jpg 24w, https:\/\/migotravels.de\/wp-content\/uploads\/2011\/10\/PA212553-36x36.jpg 36w, https:\/\/migotravels.de\/wp-content\/uploads\/2011\/10\/PA212553-48x48.jpg 48w, https:\/\/migotravels.de\/wp-content\/uploads\/2011\/10\/PA212553-64x64.jpg 64w\" sizes=\"auto, (max-width: 150px) 100vw, 150px\" \/><\/a>\n\t\t\t<\/dt>\n\t\t\t\t<dd class='wp-caption-text gallery-caption' id='gallery-1-1250'>\n\t\t\t\tMoped Blockade\n\t\t\t\t<\/dd><\/dl><br style=\"clear: both\" \/><dl class='gallery-item'>\n\t\t\t<dt class='gallery-icon portrait'>\n\t\t\t\t<a href='https:\/\/migotravels.de\/?attachment_id=1249'><img loading=\"lazy\" decoding=\"async\" width=\"150\" height=\"150\" src=\"https:\/\/migotravels.de\/wp-content\/uploads\/2011\/10\/PA212552-150x150.jpg\" class=\"attachment-thumbnail size-thumbnail\" alt=\"typisches Teheran Stra\u00dfenbild\" aria-describedby=\"gallery-1-1249\" srcset=\"https:\/\/migotravels.de\/wp-content\/uploads\/2011\/10\/PA212552-150x150.jpg 150w, https:\/\/migotravels.de\/wp-content\/uploads\/2011\/10\/PA212552-96x96.jpg 96w, https:\/\/migotravels.de\/wp-content\/uploads\/2011\/10\/PA212552-24x24.jpg 24w, https:\/\/migotravels.de\/wp-content\/uploads\/2011\/10\/PA212552-36x36.jpg 36w, https:\/\/migotravels.de\/wp-content\/uploads\/2011\/10\/PA212552-48x48.jpg 48w, https:\/\/migotravels.de\/wp-content\/uploads\/2011\/10\/PA212552-64x64.jpg 64w\" sizes=\"auto, (max-width: 150px) 100vw, 150px\" \/><\/a>\n\t\t\t<\/dt>\n\t\t\t\t<dd class='wp-caption-text gallery-caption' id='gallery-1-1249'>\n\t\t\t\ttypisches Teheran Stra\u00dfenbild\n\t\t\t\t<\/dd><\/dl><dl class='gallery-item'>\n\t\t\t<dt class='gallery-icon landscape'>\n\t\t\t\t<a href='https:\/\/migotravels.de\/?attachment_id=1248'><img loading=\"lazy\" decoding=\"async\" width=\"150\" height=\"150\" src=\"https:\/\/migotravels.de\/wp-content\/uploads\/2011\/10\/PA212551-150x150.jpg\" class=\"attachment-thumbnail size-thumbnail\" alt=\"praktisch eigentlich\" aria-describedby=\"gallery-1-1248\" srcset=\"https:\/\/migotravels.de\/wp-content\/uploads\/2011\/10\/PA212551-150x150.jpg 150w, https:\/\/migotravels.de\/wp-content\/uploads\/2011\/10\/PA212551-96x96.jpg 96w, https:\/\/migotravels.de\/wp-content\/uploads\/2011\/10\/PA212551-24x24.jpg 24w, https:\/\/migotravels.de\/wp-content\/uploads\/2011\/10\/PA212551-36x36.jpg 36w, https:\/\/migotravels.de\/wp-content\/uploads\/2011\/10\/PA212551-48x48.jpg 48w, https:\/\/migotravels.de\/wp-content\/uploads\/2011\/10\/PA212551-64x64.jpg 64w\" sizes=\"auto, (max-width: 150px) 100vw, 150px\" \/><\/a>\n\t\t\t<\/dt>\n\t\t\t\t<dd class='wp-caption-text gallery-caption' id='gallery-1-1248'>\n\t\t\t\tpraktisch eigentlich\n\t\t\t\t<\/dd><\/dl><dl class='gallery-item'>\n\t\t\t<dt class='gallery-icon landscape'>\n\t\t\t\t<a href='https:\/\/migotravels.de\/?attachment_id=1247'><img loading=\"lazy\" decoding=\"async\" width=\"150\" height=\"150\" src=\"https:\/\/migotravels.de\/wp-content\/uploads\/2011\/10\/PA212544-150x150.jpg\" class=\"attachment-thumbnail size-thumbnail\" alt=\"Khomeini und Khamenei, \u00fcberall und immer zusammen zusehen\" aria-describedby=\"gallery-1-1247\" srcset=\"https:\/\/migotravels.de\/wp-content\/uploads\/2011\/10\/PA212544-150x150.jpg 150w, https:\/\/migotravels.de\/wp-content\/uploads\/2011\/10\/PA212544-96x96.jpg 96w, https:\/\/migotravels.de\/wp-content\/uploads\/2011\/10\/PA212544-24x24.jpg 24w, https:\/\/migotravels.de\/wp-content\/uploads\/2011\/10\/PA212544-36x36.jpg 36w, https:\/\/migotravels.de\/wp-content\/uploads\/2011\/10\/PA212544-48x48.jpg 48w, https:\/\/migotravels.de\/wp-content\/uploads\/2011\/10\/PA212544-64x64.jpg 64w\" sizes=\"auto, (max-width: 150px) 100vw, 150px\" \/><\/a>\n\t\t\t<\/dt>\n\t\t\t\t<dd class='wp-caption-text gallery-caption' id='gallery-1-1247'>\n\t\t\t\tKhomeini und Khamenei, \u00fcberall und immer zusammen zusehen\n\t\t\t\t<\/dd><\/dl><br style=\"clear: both\" \/><dl class='gallery-item'>\n\t\t\t<dt class='gallery-icon landscape'>\n\t\t\t\t<a href='https:\/\/migotravels.de\/?attachment_id=1246'><img loading=\"lazy\" decoding=\"async\" width=\"150\" height=\"150\" src=\"https:\/\/migotravels.de\/wp-content\/uploads\/2011\/10\/PA212540-150x150.jpg\" class=\"attachment-thumbnail size-thumbnail\" alt=\"Ich in interessierter Lehrergruppe\" aria-describedby=\"gallery-1-1246\" srcset=\"https:\/\/migotravels.de\/wp-content\/uploads\/2011\/10\/PA212540-150x150.jpg 150w, https:\/\/migotravels.de\/wp-content\/uploads\/2011\/10\/PA212540-96x96.jpg 96w, https:\/\/migotravels.de\/wp-content\/uploads\/2011\/10\/PA212540-24x24.jpg 24w, https:\/\/migotravels.de\/wp-content\/uploads\/2011\/10\/PA212540-36x36.jpg 36w, https:\/\/migotravels.de\/wp-content\/uploads\/2011\/10\/PA212540-48x48.jpg 48w, https:\/\/migotravels.de\/wp-content\/uploads\/2011\/10\/PA212540-64x64.jpg 64w\" sizes=\"auto, (max-width: 150px) 100vw, 150px\" \/><\/a>\n\t\t\t<\/dt>\n\t\t\t\t<dd class='wp-caption-text gallery-caption' id='gallery-1-1246'>\n\t\t\t\tIch in interessierter Lehrergruppe\n\t\t\t\t<\/dd><\/dl><dl class='gallery-item'>\n\t\t\t<dt class='gallery-icon landscape'>\n\t\t\t\t<a href='https:\/\/migotravels.de\/?attachment_id=1245'><img loading=\"lazy\" decoding=\"async\" width=\"150\" height=\"150\" src=\"https:\/\/migotravels.de\/wp-content\/uploads\/2011\/10\/PA202538-150x150.jpg\" class=\"attachment-thumbnail size-thumbnail\" alt=\"Kebab an offener Flamme\" aria-describedby=\"gallery-1-1245\" srcset=\"https:\/\/migotravels.de\/wp-content\/uploads\/2011\/10\/PA202538-150x150.jpg 150w, https:\/\/migotravels.de\/wp-content\/uploads\/2011\/10\/PA202538-96x96.jpg 96w, https:\/\/migotravels.de\/wp-content\/uploads\/2011\/10\/PA202538-24x24.jpg 24w, https:\/\/migotravels.de\/wp-content\/uploads\/2011\/10\/PA202538-36x36.jpg 36w, https:\/\/migotravels.de\/wp-content\/uploads\/2011\/10\/PA202538-48x48.jpg 48w, https:\/\/migotravels.de\/wp-content\/uploads\/2011\/10\/PA202538-64x64.jpg 64w\" sizes=\"auto, (max-width: 150px) 100vw, 150px\" \/><\/a>\n\t\t\t<\/dt>\n\t\t\t\t<dd class='wp-caption-text gallery-caption' id='gallery-1-1245'>\n\t\t\t\tKebab an offener Flamme\n\t\t\t\t<\/dd><\/dl>\n\t\t\t<br style='clear: both' \/>\n\t\t<\/div>\n\n","protected":false},"excerpt":{"rendered":"<p>Bei frischen zehn Grad Celsius mache ich mich auf den Weg in die Hauptstadt. Eiskalter Wind fegt \u00fcber die mehrspurige Verbindungsstra\u00dfe von Zanjan nach Teheran, k\u00fchlt mich bis auf die Knochen aus und vernebelt die Sicht mit aufgewirbeltem Sand. Zusammen &hellip; <a href=\"https:\/\/migotravels.de\/?p=1244\">Weiterlesen <span class=\"meta-nav\">&rarr;<\/span><\/a><\/p>\n","protected":false},"author":2,"featured_media":0,"comment_status":"open","ping_status":"open","sticky":false,"template":"","format":"standard","meta":{"footnotes":""},"categories":[9],"tags":[],"class_list":["post-1244","post","type-post","status-publish","format-standard","hentry","category-iran_turkey"],"_links":{"self":[{"href":"https:\/\/migotravels.de\/index.php?rest_route=\/wp\/v2\/posts\/1244","targetHints":{"allow":["GET"]}}],"collection":[{"href":"https:\/\/migotravels.de\/index.php?rest_route=\/wp\/v2\/posts"}],"about":[{"href":"https:\/\/migotravels.de\/index.php?rest_route=\/wp\/v2\/types\/post"}],"author":[{"embeddable":true,"href":"https:\/\/migotravels.de\/index.php?rest_route=\/wp\/v2\/users\/2"}],"replies":[{"embeddable":true,"href":"https:\/\/migotravels.de\/index.php?rest_route=%2Fwp%2Fv2%2Fcomments&post=1244"}],"version-history":[{"count":5,"href":"https:\/\/migotravels.de\/index.php?rest_route=\/wp\/v2\/posts\/1244\/revisions"}],"predecessor-version":[{"id":1258,"href":"https:\/\/migotravels.de\/index.php?rest_route=\/wp\/v2\/posts\/1244\/revisions\/1258"}],"wp:attachment":[{"href":"https:\/\/migotravels.de\/index.php?rest_route=%2Fwp%2Fv2%2Fmedia&parent=1244"}],"wp:term":[{"taxonomy":"category","embeddable":true,"href":"https:\/\/migotravels.de\/index.php?rest_route=%2Fwp%2Fv2%2Fcategories&post=1244"},{"taxonomy":"post_tag","embeddable":true,"href":"https:\/\/migotravels.de\/index.php?rest_route=%2Fwp%2Fv2%2Ftags&post=1244"}],"curies":[{"name":"wp","href":"https:\/\/api.w.org\/{rel}","templated":true}]}}