{"id":1073,"date":"2011-10-06T07:15:19","date_gmt":"2011-10-06T05:15:19","guid":{"rendered":"http:\/\/www.migotravels.de\/?p=1073"},"modified":"2011-10-13T18:51:05","modified_gmt":"2011-10-13T16:51:05","slug":"nordostturkei","status":"publish","type":"post","link":"https:\/\/migotravels.de\/?p=1073","title":{"rendered":"Nordostt\u00fcrkei"},"content":{"rendered":"<div id=\"attachment_1083\" style=\"width: 330px\" class=\"wp-caption alignleft\"><a href=\"https:\/\/migotravels.de\/wp-content\/uploads\/2011\/10\/PA021970.jpg\" title=\"Hochebene von Erzurum\"><img loading=\"lazy\" decoding=\"async\" aria-describedby=\"caption-attachment-1083\" class=\"size-medium wp-image-1083\" title=\"Hochebene von Erzurum\" src=\"https:\/\/migotravels.de\/wp-content\/uploads\/2011\/10\/PA021970-320x213.jpg\" alt=\"Hochebene von Erzurum\" width=\"320\" height=\"213\" srcset=\"https:\/\/migotravels.de\/wp-content\/uploads\/2011\/10\/PA021970-320x213.jpg 320w, https:\/\/migotravels.de\/wp-content\/uploads\/2011\/10\/PA021970-1620x1080.jpg 1620w, https:\/\/migotravels.de\/wp-content\/uploads\/2011\/10\/PA021970.jpg 1930w\" sizes=\"auto, (max-width: 320px) 100vw, 320px\" \/><\/a><p id=\"caption-attachment-1083\" class=\"wp-caption-text\">Hochebene von Erzurum<\/p><\/div>\n<p>Mit gr\u00f6\u00dferen Schritten lasse ich die Zentralt\u00fcrkei hinter mir, um meine letzten Tage im Nordosten des Landes zu verbringen. Es wird zunehmend k\u00e4lter und ich fahre bereits mit all meinen verf\u00fcgbaren W\u00e4rmeschichten. Erzurum, eine der gr\u00f6\u00dften St\u00e4dte des Ostens liegt auf 1900 Meter H\u00f6he und f\u00fchlt sich mit Nachttemperaturen von -5 bereits sehr winterlich an. Die gesamte Hochebene liegt auf \u00fcber 1800 Meter und st\u00e4ndig bl\u00e4st ein unangenehmer und eisiger Wind derart kr\u00e4ftig \u00fcber die Felder, dass ich permanent das Motorrad in Schr\u00e4glage halten muss, um geradeaus zu fahren.<\/p>\n<div id=\"attachment_1088\" style=\"width: 330px\" class=\"wp-caption alignleft\"><a href=\"https:\/\/migotravels.de\/wp-content\/uploads\/2011\/10\/PA032010.jpg\" title=\"auf der Stra\u00dfe von Erzurum nach Yusufeli 3\"><img loading=\"lazy\" decoding=\"async\" aria-describedby=\"caption-attachment-1088\" class=\"size-medium wp-image-1088\" title=\"auf der Stra\u00dfe von Erzurum nach Yusufeli 3\" src=\"https:\/\/migotravels.de\/wp-content\/uploads\/2011\/10\/PA032010-320x213.jpg\" alt=\"auf der Stra\u00dfe von Erzurum nach Yusufeli 3\" width=\"320\" height=\"213\" srcset=\"https:\/\/migotravels.de\/wp-content\/uploads\/2011\/10\/PA032010-320x213.jpg 320w, https:\/\/migotravels.de\/wp-content\/uploads\/2011\/10\/PA032010-1620x1080.jpg 1620w, https:\/\/migotravels.de\/wp-content\/uploads\/2011\/10\/PA032010.jpg 1930w\" sizes=\"auto, (max-width: 320px) 100vw, 320px\" \/><\/a><p id=\"caption-attachment-1088\" class=\"wp-caption-text\">auf der Stra\u00dfe von Erzurum nach Yusufeli 3<\/p><\/div>\n<p>Trotz der Gebirgsimpressionen der vergangenen Tage schafft es die Landschaft auf der Fahrt von Erzurum nach Yusufeli, mich nochmals\u00a0zu beeindrucken. Die Stra\u00dfe schneidet sich durch tiefe Steinschluchten mit steil aufragenden W\u00e4nden. Hin und wieder gibt es alte georgianische Burgen, Kirchen und Wasserf\u00e4lle. Yusufeli liegt tief eingebettet an einem f\u00fcrs Wildwasserrafting bekannten Fluss und bietet ein g\u00fcnstiges Ambiente um zwei Tage innezuhalten, Klamotten zu waschen und das Motorrad zu warten.<\/p>\n<p>Die niedrige Lage Yusufelis im Tal beschert dem sympatischen St\u00e4dtchen zwar ein angenehmes Klima, ist allerdings auch f\u00fcr den zuk\u00fcnftigen Untergang (im wahrsten Sinne des Wortes) verantwortlich. Wie in anderen F\u00e4llen (z.B. der Van See) wird auch hier ein riesiger Stausee entstehen, der nach Fertigstellung Yusufeli unter den Wassermassen begraben wird. Die Stimmung ergreift mich. Alles was ich hier sehe, alle H\u00e4user, die gewachsene Gemeinschaft, das soziale Gef\u00fcge, die Geschichte \u00a0und die Erinnerungen, werden in Zukunft begraben sein und vermutlich unwiderruflich verschwinden. Ich streichele ein zutrauliche Katze und frage mich, ob sie eines Tages mitgenommen oder ertrinken wird. Dennoch wird im Ort fleissig gebaut was das Zeug h\u00e4lt und es entstehen teils h\u00e4\u00dfliche Neubauten neben den alten Dorfh\u00e4usern, denn wenn der Damm er\u00f6ffnet (bzw. geschlossen) wird, werden die Bewohner entsprechend entsch\u00e4digt werden. Es entstehen vollwertige Neubauten, die aller Vorraussicht nach nur wenige Jahre genutzt werden, bevor sie in den Fluten verschwinden. Wenn man die Hintergr\u00fcnde kennt, f\u00fchlt sich das emsige Treiben sehr seltsam, geradezu apokalyptisch an. Ein dem Untergang geweihtes Leben in dem alle vom B\u00e4cker zum Cafebesitzer nur darauf warten, den Schl\u00fcssel ein letztes Mal im Schloss \u00a0zu drehen.<\/p>\n<div id=\"attachment_1092\" style=\"width: 330px\" class=\"wp-caption alignleft\"><a href=\"https:\/\/migotravels.de\/wp-content\/uploads\/2011\/10\/PA052021.jpg\" title=\"Stra\u00dfenbau f\u00fcr den Damm\"><img loading=\"lazy\" decoding=\"async\" aria-describedby=\"caption-attachment-1092\" class=\"size-medium wp-image-1092\" title=\"Stra\u00dfenbau f\u00fcr den Damm\" src=\"https:\/\/migotravels.de\/wp-content\/uploads\/2011\/10\/PA052021-320x213.jpg\" alt=\"Stra\u00dfenbau f\u00fcr den Damm\" width=\"320\" height=\"213\" srcset=\"https:\/\/migotravels.de\/wp-content\/uploads\/2011\/10\/PA052021-320x213.jpg 320w, https:\/\/migotravels.de\/wp-content\/uploads\/2011\/10\/PA052021-1620x1080.jpg 1620w, https:\/\/migotravels.de\/wp-content\/uploads\/2011\/10\/PA052021.jpg 1930w\" sizes=\"auto, (max-width: 320px) 100vw, 320px\" \/><\/a><p id=\"caption-attachment-1092\" class=\"wp-caption-text\">Stra\u00dfenbau f\u00fcr den Damm<\/p><\/div>\n<p>Umso aufemrksamer studiere ich das zu flutende Tal bei meiner Ausfahrt Richtung Norden. Hoch \u00fcber mir wird eine neue Stra\u00dfe mit riesigem Aufwand gebaut, um die durchs Tal am Flu\u00df entlang f\u00fchrende zu ersetzen. Die Kosten m\u00fcssen enorm sein, denn die Stra\u00dfe wird in windiger H\u00f6he in den steilen Felsen durch den Bau von Br\u00fccken und Tunneln geradezu in den Berg gezwungen. H\u00e4user und kleine Siedlungen sind gr\u00f6\u00dftenteils bereits verlassen und das Gef\u00fchl, dass ich vermutlich nie wieder hier entlang fahren werde k\u00f6nnen, ist bedr\u00fcckend. Am Ende steht er vor mir. Ein riesiges Betonunget\u00fcm, dass sich wie ein Riegel durchs Tal schiebt. Ein nahezu fertiggestellter Staudamm, der enorme Mengen Energie produzieren wird. Die menschlichen und landschaftlichen Verluste sind jedoch irrsinnig hoch. Die Kosten eines Staudammes, insbesondere die Nichtfinanziellen, habe ich so noch nie erkannt und schon gar nicht gesp\u00fcrt.<\/p>\n<div id=\"attachment_1095\" style=\"width: 330px\" class=\"wp-caption alignleft\"><a href=\"https:\/\/migotravels.de\/wp-content\/uploads\/2011\/10\/PA052032.jpg\" title=\"Zweckst\u00e4dte im Berg\"><img loading=\"lazy\" decoding=\"async\" aria-describedby=\"caption-attachment-1095\" class=\"size-medium wp-image-1095\" title=\"Zweckst\u00e4dte im Berg\" src=\"https:\/\/migotravels.de\/wp-content\/uploads\/2011\/10\/PA052032-320x213.jpg\" alt=\"Zweckst\u00e4dte im Berg\" width=\"320\" height=\"213\" srcset=\"https:\/\/migotravels.de\/wp-content\/uploads\/2011\/10\/PA052032-320x213.jpg 320w, https:\/\/migotravels.de\/wp-content\/uploads\/2011\/10\/PA052032-1620x1080.jpg 1620w, https:\/\/migotravels.de\/wp-content\/uploads\/2011\/10\/PA052032.jpg 1930w\" sizes=\"auto, (max-width: 320px) 100vw, 320px\" \/><\/a><p id=\"caption-attachment-1095\" class=\"wp-caption-text\">Zweckst\u00e4dte im Berg<\/p><\/div>\n<p>Was man auch sieht, sind die k\u00fcnstlichen Zweckst\u00e4dte, die hoch genug in die Berge gebaut werden, um die Bewohner aus dem Tal, wie bald auch die Yusufelis, aufzunehmen. Ohne Herz und Charakter verschandeln sie den Blick und der Gedanke, dass mein liebenswerter \u00e4lterer Pensionsvater mit seiner Frau, die offensichtlich einen Gro\u00dfteil ihres Lebens in das Haus gesteckt und mit Flei\u00df und Liebe einen besonderen Ort geschaffen haben, in ihrem hohen Alter in eine solche Neubauburg umgesiedelt werden, treibt mir beinahe die Tr\u00e4nen ins Gesicht. Finanziell wird es keinem schlechter gehen, aber man nimmt Ihnen die Identit\u00e4t. Mit traurigem Herzen verlasse ich die T\u00fcrkei.<\/p>\n<p>Ein paar abschlie\u00dfende Gedanken seien ihr aber noch geg\u00f6nnt.<\/p>\n<p>Ich komme nicht umhin in meinem letzten T\u00fcrkeibeitrag ein paar Worte \u00fcber die t\u00fcrkische Teekultur zu verlieren. Schwarzen Tee gibt es hier zu jeder Tageszeit, jedem Essen und auch dazwischen. Gereicht wird er in kleinen geschwungenen Gl\u00e4sern und meist mit zwei St\u00fccken Zucker (es sein denn es steht ein Gef\u00e4\u00df mit Zuckerw\u00fcrfeln auf dem Tisch). Es ist Das soziale Getr\u00e4nk der T\u00fcrken und steht quasi auf jedem Tisch in den typischen (nur von M\u00e4nnern besuchten) Teeh\u00e4usern. Fast alle sehen \u00fcbrigens genauso wenig einladend und mit Neonr\u00f6hren beleuchtet aus, wie man das auch aus Berlin kennt. In der Regel wird automatisch ein neues Glas gebracht, sobald eines ausgetrunken ist, zumindest aber wird umgehend nachgefragt. Allgemeing\u00fcltig ist auch der Preis. Einen halben Lira (ca. 20 Cent) kostet ein Glas Tee im ganzen Land. F\u00fcr diesen Preis (von mir aus auch das Doppelte) w\u00fcrde ich auch in Deutschland h\u00e4ufiger Tee trinken, aber aus irgend einem Grund haben sich deutsche Kaffees und Kneipen entschlossen dass billigste Getr\u00e4nk derart r\u00fccksichtslos zu \u00fcberteuern, dass man es eigentlich nicht guten Gewissens bestellen kann.<\/p>\n<p>Die Gastfreundschaft der T\u00fcrken ist ebenfalls unbedingt hervorzuheben. Auf meiner Fahrt in den Norden halte ich in der Stadt Kovancilar und mache in einer Teestube Rast, um mich mit einem Glas aufzuw\u00e4rmen. Der benachbarte B\u00e4cker, der einige Zeit in Deutschland verbracht hat, als auch ein Obsth\u00e4ndler mit \u00f6stereichischem Akzent gesellen sich schnell dazu und fragen mich aus, bzw. \u00fcbersetzen f\u00fcr die anderen. Alle sind sehr interessiert und studieren meine Route auf der Karte. Ich sch\u00fcttele viele H\u00e4nde und fahre am Ende mit Brot, etwas Obst und 2 getrunkenen Gl\u00e4sern Tee weiter, ohne einen Lira bezahlt zu haben. Solche Vorkommnisse sind keine Ausnahme.<\/p>\n<div id=\"attachment_1085\" style=\"width: 330px\" class=\"wp-caption alignleft\"><a href=\"https:\/\/migotravels.de\/wp-content\/uploads\/2011\/10\/PA021981.jpg\" title=\"Kaddif\"><img loading=\"lazy\" decoding=\"async\" aria-describedby=\"caption-attachment-1085\" class=\"size-medium wp-image-1085\" title=\"Kaddif\" src=\"https:\/\/migotravels.de\/wp-content\/uploads\/2011\/10\/PA021981-320x213.jpg\" alt=\"Kaddif\" width=\"320\" height=\"213\" srcset=\"https:\/\/migotravels.de\/wp-content\/uploads\/2011\/10\/PA021981-320x213.jpg 320w, https:\/\/migotravels.de\/wp-content\/uploads\/2011\/10\/PA021981-1620x1080.jpg 1620w, https:\/\/migotravels.de\/wp-content\/uploads\/2011\/10\/PA021981.jpg 1930w\" sizes=\"auto, (max-width: 320px) 100vw, 320px\" \/><\/a><p id=\"caption-attachment-1085\" class=\"wp-caption-text\">Kaddif<\/p><\/div>\n<p>Kulinarisch gibt es ebenfalls nix zu meckern. Wenngleich mir als Vegetarier eine erheblich geringere Auswahl an Speisen zur Verf\u00fcgung stehen, so hatte ich doch nie Probleme Leckeres zu finden. Yogurt- und Linsensuppen sind hervorzuheben und h\u00e4ufig steht man vor einer gro\u00dfen Auswahl an Pasten und Bohnen, Weinbl\u00e4ttern und allerlei Salaten, die frei kombinierbar auf einem Teller zusammengestellt werden k\u00f6nnen. Brot und Wasser gibt es frei dazu. Auf der s\u00fc\u00dfen Seite findet man in der T\u00fcrkei, \u00e4hnlich den bekannten Beispielen in Prag oder Wien, Kaffe(eigentlich Tee)h\u00e4user in elegantem Ambiente. Zur Auswahl stehen hier allerdings in erster Linie etliche Baklavavarianten und Honigkreationen. Ich habe viel probiert und fast alle geliebt.<\/p>\n<p>Auch nach drei Wochen T\u00fcrkei konnte ich nat\u00fcrlich nur einen Strich durch die Karte ziehen und habe vieles nicht sehen k\u00f6nnen. Die gesamte mediterane K\u00fcste etwa, oder den S\u00fcdosten und Osten. Von Istanbul bis weit in den Osten ist die T\u00fcrkei ein einfaches, sehr vielseitiges und erlebenswertes Reiseziel und nicht ohne Grund eines der beliebtesten Reisel\u00e4nder der Deutschen, mit genug Platz, um fast vollkommen an der Tourismusindustrie vorbeizuurlauben, falls gewollt.<\/p>\n<p>Ich bin mittlerweile in Georgiean angekommen, aber dazu mehr im n\u00e4chsten Beitrag. Soviel vorweg, es ist wiedermal alles ganz ganz anders!<\/p>\n\n\t\t<style type=\"text\/css\">\n\t\t\t#gallery-1 {\n\t\t\t\tmargin: auto;\n\t\t\t}\n\t\t\t#gallery-1 .gallery-item {\n\t\t\t\tfloat: left;\n\t\t\t\tmargin-top: 10px;\n\t\t\t\ttext-align: center;\n\t\t\t\twidth: 33%;\n\t\t\t}\n\t\t\t#gallery-1 img {\n\t\t\t\tborder: 2px solid #cfcfcf;\n\t\t\t}\n\t\t\t#gallery-1 .gallery-caption {\n\t\t\t\tmargin-left: 0;\n\t\t\t}\n\t\t\t\/* see gallery_shortcode() in wp-includes\/media.php *\/\n\t\t<\/style>\n\t\t<div id='gallery-1' class='gallery galleryid-1073 gallery-columns-3 gallery-size-thumbnail'><dl class='gallery-item'>\n\t\t\t<dt class='gallery-icon landscape'>\n\t\t\t\t<a href='https:\/\/migotravels.de\/?attachment_id=1095'><img loading=\"lazy\" decoding=\"async\" width=\"150\" height=\"150\" src=\"https:\/\/migotravels.de\/wp-content\/uploads\/2011\/10\/PA052032-150x150.jpg\" class=\"attachment-thumbnail size-thumbnail\" alt=\"Zweckst\u00e4dte im Berg\" aria-describedby=\"gallery-1-1095\" srcset=\"https:\/\/migotravels.de\/wp-content\/uploads\/2011\/10\/PA052032-150x150.jpg 150w, https:\/\/migotravels.de\/wp-content\/uploads\/2011\/10\/PA052032-96x96.jpg 96w, https:\/\/migotravels.de\/wp-content\/uploads\/2011\/10\/PA052032-24x24.jpg 24w, https:\/\/migotravels.de\/wp-content\/uploads\/2011\/10\/PA052032-36x36.jpg 36w, https:\/\/migotravels.de\/wp-content\/uploads\/2011\/10\/PA052032-48x48.jpg 48w, https:\/\/migotravels.de\/wp-content\/uploads\/2011\/10\/PA052032-64x64.jpg 64w\" sizes=\"auto, (max-width: 150px) 100vw, 150px\" \/><\/a>\n\t\t\t<\/dt>\n\t\t\t\t<dd class='wp-caption-text gallery-caption' id='gallery-1-1095'>\n\t\t\t\tZweckst\u00e4dte im Berg\n\t\t\t\t<\/dd><\/dl><dl class='gallery-item'>\n\t\t\t<dt class='gallery-icon landscape'>\n\t\t\t\t<a href='https:\/\/migotravels.de\/?attachment_id=1094'><img loading=\"lazy\" decoding=\"async\" width=\"150\" height=\"150\" src=\"https:\/\/migotravels.de\/wp-content\/uploads\/2011\/10\/PA052029-150x150.jpg\" class=\"attachment-thumbnail size-thumbnail\" alt=\"Damm 2\" aria-describedby=\"gallery-1-1094\" srcset=\"https:\/\/migotravels.de\/wp-content\/uploads\/2011\/10\/PA052029-150x150.jpg 150w, https:\/\/migotravels.de\/wp-content\/uploads\/2011\/10\/PA052029-96x96.jpg 96w, https:\/\/migotravels.de\/wp-content\/uploads\/2011\/10\/PA052029-24x24.jpg 24w, https:\/\/migotravels.de\/wp-content\/uploads\/2011\/10\/PA052029-36x36.jpg 36w, https:\/\/migotravels.de\/wp-content\/uploads\/2011\/10\/PA052029-48x48.jpg 48w, https:\/\/migotravels.de\/wp-content\/uploads\/2011\/10\/PA052029-64x64.jpg 64w\" sizes=\"auto, (max-width: 150px) 100vw, 150px\" \/><\/a>\n\t\t\t<\/dt>\n\t\t\t\t<dd class='wp-caption-text gallery-caption' id='gallery-1-1094'>\n\t\t\t\tDamm 2\n\t\t\t\t<\/dd><\/dl><dl class='gallery-item'>\n\t\t\t<dt class='gallery-icon portrait'>\n\t\t\t\t<a href='https:\/\/migotravels.de\/?attachment_id=1093'><img loading=\"lazy\" decoding=\"async\" width=\"150\" height=\"150\" src=\"https:\/\/migotravels.de\/wp-content\/uploads\/2011\/10\/PA052027-150x150.jpg\" class=\"attachment-thumbnail size-thumbnail\" alt=\"Damm 1\" aria-describedby=\"gallery-1-1093\" srcset=\"https:\/\/migotravels.de\/wp-content\/uploads\/2011\/10\/PA052027-150x150.jpg 150w, https:\/\/migotravels.de\/wp-content\/uploads\/2011\/10\/PA052027-96x96.jpg 96w, https:\/\/migotravels.de\/wp-content\/uploads\/2011\/10\/PA052027-24x24.jpg 24w, https:\/\/migotravels.de\/wp-content\/uploads\/2011\/10\/PA052027-36x36.jpg 36w, https:\/\/migotravels.de\/wp-content\/uploads\/2011\/10\/PA052027-48x48.jpg 48w, https:\/\/migotravels.de\/wp-content\/uploads\/2011\/10\/PA052027-64x64.jpg 64w\" sizes=\"auto, (max-width: 150px) 100vw, 150px\" \/><\/a>\n\t\t\t<\/dt>\n\t\t\t\t<dd class='wp-caption-text gallery-caption' id='gallery-1-1093'>\n\t\t\t\tDamm 1\n\t\t\t\t<\/dd><\/dl><br style=\"clear: both\" \/><dl class='gallery-item'>\n\t\t\t<dt class='gallery-icon landscape'>\n\t\t\t\t<a href='https:\/\/migotravels.de\/?attachment_id=1092'><img loading=\"lazy\" decoding=\"async\" width=\"150\" height=\"150\" src=\"https:\/\/migotravels.de\/wp-content\/uploads\/2011\/10\/PA052021-150x150.jpg\" class=\"attachment-thumbnail size-thumbnail\" alt=\"Stra\u00dfenbau f\u00fcr den Damm\" aria-describedby=\"gallery-1-1092\" srcset=\"https:\/\/migotravels.de\/wp-content\/uploads\/2011\/10\/PA052021-150x150.jpg 150w, https:\/\/migotravels.de\/wp-content\/uploads\/2011\/10\/PA052021-96x96.jpg 96w, https:\/\/migotravels.de\/wp-content\/uploads\/2011\/10\/PA052021-24x24.jpg 24w, https:\/\/migotravels.de\/wp-content\/uploads\/2011\/10\/PA052021-36x36.jpg 36w, https:\/\/migotravels.de\/wp-content\/uploads\/2011\/10\/PA052021-48x48.jpg 48w, https:\/\/migotravels.de\/wp-content\/uploads\/2011\/10\/PA052021-64x64.jpg 64w\" sizes=\"auto, (max-width: 150px) 100vw, 150px\" \/><\/a>\n\t\t\t<\/dt>\n\t\t\t\t<dd class='wp-caption-text gallery-caption' id='gallery-1-1092'>\n\t\t\t\tStra\u00dfenbau f\u00fcr den Damm\n\t\t\t\t<\/dd><\/dl><dl class='gallery-item'>\n\t\t\t<dt class='gallery-icon landscape'>\n\t\t\t\t<a href='https:\/\/migotravels.de\/?attachment_id=1091'><img loading=\"lazy\" decoding=\"async\" width=\"150\" height=\"150\" src=\"https:\/\/migotravels.de\/wp-content\/uploads\/2011\/10\/PA042019-150x150.jpg\" class=\"attachment-thumbnail size-thumbnail\" alt=\"Yoghurtsuppe mit typischenBrotkorb\" aria-describedby=\"gallery-1-1091\" srcset=\"https:\/\/migotravels.de\/wp-content\/uploads\/2011\/10\/PA042019-150x150.jpg 150w, https:\/\/migotravels.de\/wp-content\/uploads\/2011\/10\/PA042019-96x96.jpg 96w, https:\/\/migotravels.de\/wp-content\/uploads\/2011\/10\/PA042019-24x24.jpg 24w, https:\/\/migotravels.de\/wp-content\/uploads\/2011\/10\/PA042019-36x36.jpg 36w, https:\/\/migotravels.de\/wp-content\/uploads\/2011\/10\/PA042019-48x48.jpg 48w, https:\/\/migotravels.de\/wp-content\/uploads\/2011\/10\/PA042019-64x64.jpg 64w\" sizes=\"auto, (max-width: 150px) 100vw, 150px\" \/><\/a>\n\t\t\t<\/dt>\n\t\t\t\t<dd class='wp-caption-text gallery-caption' id='gallery-1-1091'>\n\t\t\t\tYoghurtsuppe mit typischenBrotkorb\n\t\t\t\t<\/dd><\/dl><dl class='gallery-item'>\n\t\t\t<dt class='gallery-icon portrait'>\n\t\t\t\t<a href='https:\/\/migotravels.de\/?attachment_id=1090'><img loading=\"lazy\" decoding=\"async\" width=\"150\" height=\"150\" src=\"https:\/\/migotravels.de\/wp-content\/uploads\/2011\/10\/PA042013-150x150.jpg\" class=\"attachment-thumbnail size-thumbnail\" alt=\"Gebetsruf auch im entferntesten Tal\" aria-describedby=\"gallery-1-1090\" srcset=\"https:\/\/migotravels.de\/wp-content\/uploads\/2011\/10\/PA042013-150x150.jpg 150w, https:\/\/migotravels.de\/wp-content\/uploads\/2011\/10\/PA042013-96x96.jpg 96w, https:\/\/migotravels.de\/wp-content\/uploads\/2011\/10\/PA042013-24x24.jpg 24w, https:\/\/migotravels.de\/wp-content\/uploads\/2011\/10\/PA042013-36x36.jpg 36w, https:\/\/migotravels.de\/wp-content\/uploads\/2011\/10\/PA042013-48x48.jpg 48w, https:\/\/migotravels.de\/wp-content\/uploads\/2011\/10\/PA042013-64x64.jpg 64w\" sizes=\"auto, (max-width: 150px) 100vw, 150px\" \/><\/a>\n\t\t\t<\/dt>\n\t\t\t\t<dd class='wp-caption-text gallery-caption' id='gallery-1-1090'>\n\t\t\t\tGebetsruf auch im entferntesten Tal\n\t\t\t\t<\/dd><\/dl><br style=\"clear: both\" \/><dl class='gallery-item'>\n\t\t\t<dt class='gallery-icon portrait'>\n\t\t\t\t<a href='https:\/\/migotravels.de\/?attachment_id=1089'><img loading=\"lazy\" decoding=\"async\" width=\"150\" height=\"150\" src=\"https:\/\/migotravels.de\/wp-content\/uploads\/2011\/10\/PA032011-150x150.jpg\" class=\"attachment-thumbnail size-thumbnail\" alt=\"auf der Stra\u00dfe von Erzurum nach Yusufeli 2\" aria-describedby=\"gallery-1-1089\" srcset=\"https:\/\/migotravels.de\/wp-content\/uploads\/2011\/10\/PA032011-150x150.jpg 150w, https:\/\/migotravels.de\/wp-content\/uploads\/2011\/10\/PA032011-96x96.jpg 96w, https:\/\/migotravels.de\/wp-content\/uploads\/2011\/10\/PA032011-24x24.jpg 24w, https:\/\/migotravels.de\/wp-content\/uploads\/2011\/10\/PA032011-36x36.jpg 36w, https:\/\/migotravels.de\/wp-content\/uploads\/2011\/10\/PA032011-48x48.jpg 48w, https:\/\/migotravels.de\/wp-content\/uploads\/2011\/10\/PA032011-64x64.jpg 64w\" sizes=\"auto, (max-width: 150px) 100vw, 150px\" \/><\/a>\n\t\t\t<\/dt>\n\t\t\t\t<dd class='wp-caption-text gallery-caption' id='gallery-1-1089'>\n\t\t\t\tauf der Stra\u00dfe von Erzurum nach Yusufeli 2\n\t\t\t\t<\/dd><\/dl><dl class='gallery-item'>\n\t\t\t<dt class='gallery-icon landscape'>\n\t\t\t\t<a href='https:\/\/migotravels.de\/?attachment_id=1088'><img loading=\"lazy\" decoding=\"async\" width=\"150\" height=\"150\" src=\"https:\/\/migotravels.de\/wp-content\/uploads\/2011\/10\/PA032010-150x150.jpg\" class=\"attachment-thumbnail size-thumbnail\" alt=\"auf der Stra\u00dfe von Erzurum nach Yusufeli 3\" aria-describedby=\"gallery-1-1088\" srcset=\"https:\/\/migotravels.de\/wp-content\/uploads\/2011\/10\/PA032010-150x150.jpg 150w, https:\/\/migotravels.de\/wp-content\/uploads\/2011\/10\/PA032010-96x96.jpg 96w, https:\/\/migotravels.de\/wp-content\/uploads\/2011\/10\/PA032010-24x24.jpg 24w, https:\/\/migotravels.de\/wp-content\/uploads\/2011\/10\/PA032010-36x36.jpg 36w, https:\/\/migotravels.de\/wp-content\/uploads\/2011\/10\/PA032010-48x48.jpg 48w, https:\/\/migotravels.de\/wp-content\/uploads\/2011\/10\/PA032010-64x64.jpg 64w\" sizes=\"auto, (max-width: 150px) 100vw, 150px\" \/><\/a>\n\t\t\t<\/dt>\n\t\t\t\t<dd class='wp-caption-text gallery-caption' id='gallery-1-1088'>\n\t\t\t\tauf der Stra\u00dfe von Erzurum nach Yusufeli 3\n\t\t\t\t<\/dd><\/dl><dl class='gallery-item'>\n\t\t\t<dt class='gallery-icon landscape'>\n\t\t\t\t<a href='https:\/\/migotravels.de\/?attachment_id=1087'><img loading=\"lazy\" decoding=\"async\" width=\"150\" height=\"150\" src=\"https:\/\/migotravels.de\/wp-content\/uploads\/2011\/10\/PA032001-150x150.jpg\" class=\"attachment-thumbnail size-thumbnail\" alt=\"auf der Stra\u00dfe von Erzurum nach Yusufeli\" aria-describedby=\"gallery-1-1087\" srcset=\"https:\/\/migotravels.de\/wp-content\/uploads\/2011\/10\/PA032001-150x150.jpg 150w, https:\/\/migotravels.de\/wp-content\/uploads\/2011\/10\/PA032001-96x96.jpg 96w, https:\/\/migotravels.de\/wp-content\/uploads\/2011\/10\/PA032001-24x24.jpg 24w, https:\/\/migotravels.de\/wp-content\/uploads\/2011\/10\/PA032001-36x36.jpg 36w, https:\/\/migotravels.de\/wp-content\/uploads\/2011\/10\/PA032001-48x48.jpg 48w, https:\/\/migotravels.de\/wp-content\/uploads\/2011\/10\/PA032001-64x64.jpg 64w\" sizes=\"auto, (max-width: 150px) 100vw, 150px\" \/><\/a>\n\t\t\t<\/dt>\n\t\t\t\t<dd class='wp-caption-text gallery-caption' id='gallery-1-1087'>\n\t\t\t\tauf der Stra\u00dfe von Erzurum nach Yusufeli\n\t\t\t\t<\/dd><\/dl><br style=\"clear: both\" \/><dl class='gallery-item'>\n\t\t\t<dt class='gallery-icon portrait'>\n\t\t\t\t<a href='https:\/\/migotravels.de\/?attachment_id=1086'><img loading=\"lazy\" decoding=\"async\" width=\"150\" height=\"150\" src=\"https:\/\/migotravels.de\/wp-content\/uploads\/2011\/10\/PA031998-150x150.jpg\" class=\"attachment-thumbnail size-thumbnail\" alt=\"eingeschlafen?\" aria-describedby=\"gallery-1-1086\" srcset=\"https:\/\/migotravels.de\/wp-content\/uploads\/2011\/10\/PA031998-150x150.jpg 150w, https:\/\/migotravels.de\/wp-content\/uploads\/2011\/10\/PA031998-96x96.jpg 96w, https:\/\/migotravels.de\/wp-content\/uploads\/2011\/10\/PA031998-24x24.jpg 24w, https:\/\/migotravels.de\/wp-content\/uploads\/2011\/10\/PA031998-36x36.jpg 36w, https:\/\/migotravels.de\/wp-content\/uploads\/2011\/10\/PA031998-48x48.jpg 48w, https:\/\/migotravels.de\/wp-content\/uploads\/2011\/10\/PA031998-64x64.jpg 64w\" sizes=\"auto, (max-width: 150px) 100vw, 150px\" \/><\/a>\n\t\t\t<\/dt>\n\t\t\t\t<dd class='wp-caption-text gallery-caption' id='gallery-1-1086'>\n\t\t\t\teingeschlafen?\n\t\t\t\t<\/dd><\/dl><dl class='gallery-item'>\n\t\t\t<dt class='gallery-icon landscape'>\n\t\t\t\t<a href='https:\/\/migotravels.de\/?attachment_id=1085'><img loading=\"lazy\" decoding=\"async\" width=\"150\" height=\"150\" src=\"https:\/\/migotravels.de\/wp-content\/uploads\/2011\/10\/PA021981-150x150.jpg\" class=\"attachment-thumbnail size-thumbnail\" alt=\"Kaddif\" aria-describedby=\"gallery-1-1085\" srcset=\"https:\/\/migotravels.de\/wp-content\/uploads\/2011\/10\/PA021981-150x150.jpg 150w, https:\/\/migotravels.de\/wp-content\/uploads\/2011\/10\/PA021981-96x96.jpg 96w, https:\/\/migotravels.de\/wp-content\/uploads\/2011\/10\/PA021981-24x24.jpg 24w, https:\/\/migotravels.de\/wp-content\/uploads\/2011\/10\/PA021981-36x36.jpg 36w, https:\/\/migotravels.de\/wp-content\/uploads\/2011\/10\/PA021981-48x48.jpg 48w, https:\/\/migotravels.de\/wp-content\/uploads\/2011\/10\/PA021981-64x64.jpg 64w\" sizes=\"auto, (max-width: 150px) 100vw, 150px\" \/><\/a>\n\t\t\t<\/dt>\n\t\t\t\t<dd class='wp-caption-text gallery-caption' id='gallery-1-1085'>\n\t\t\t\tKaddif\n\t\t\t\t<\/dd><\/dl><dl class='gallery-item'>\n\t\t\t<dt class='gallery-icon landscape'>\n\t\t\t\t<a href='https:\/\/migotravels.de\/?attachment_id=1084'><img loading=\"lazy\" decoding=\"async\" width=\"150\" height=\"150\" src=\"https:\/\/migotravels.de\/wp-content\/uploads\/2011\/10\/PA021980-150x150.jpg\" class=\"attachment-thumbnail size-thumbnail\" alt=\"Teehaus in Erzurum\" aria-describedby=\"gallery-1-1084\" srcset=\"https:\/\/migotravels.de\/wp-content\/uploads\/2011\/10\/PA021980-150x150.jpg 150w, https:\/\/migotravels.de\/wp-content\/uploads\/2011\/10\/PA021980-96x96.jpg 96w, https:\/\/migotravels.de\/wp-content\/uploads\/2011\/10\/PA021980-24x24.jpg 24w, https:\/\/migotravels.de\/wp-content\/uploads\/2011\/10\/PA021980-36x36.jpg 36w, https:\/\/migotravels.de\/wp-content\/uploads\/2011\/10\/PA021980-48x48.jpg 48w, https:\/\/migotravels.de\/wp-content\/uploads\/2011\/10\/PA021980-64x64.jpg 64w\" sizes=\"auto, (max-width: 150px) 100vw, 150px\" \/><\/a>\n\t\t\t<\/dt>\n\t\t\t\t<dd class='wp-caption-text gallery-caption' id='gallery-1-1084'>\n\t\t\t\tTeehaus in Erzurum\n\t\t\t\t<\/dd><\/dl><br style=\"clear: both\" \/><dl class='gallery-item'>\n\t\t\t<dt class='gallery-icon landscape'>\n\t\t\t\t<a href='https:\/\/migotravels.de\/?attachment_id=1083'><img loading=\"lazy\" decoding=\"async\" width=\"150\" height=\"150\" src=\"https:\/\/migotravels.de\/wp-content\/uploads\/2011\/10\/PA021970-150x150.jpg\" class=\"attachment-thumbnail size-thumbnail\" alt=\"Hochebene von Erzurum\" aria-describedby=\"gallery-1-1083\" srcset=\"https:\/\/migotravels.de\/wp-content\/uploads\/2011\/10\/PA021970-150x150.jpg 150w, https:\/\/migotravels.de\/wp-content\/uploads\/2011\/10\/PA021970-96x96.jpg 96w, https:\/\/migotravels.de\/wp-content\/uploads\/2011\/10\/PA021970-24x24.jpg 24w, https:\/\/migotravels.de\/wp-content\/uploads\/2011\/10\/PA021970-36x36.jpg 36w, https:\/\/migotravels.de\/wp-content\/uploads\/2011\/10\/PA021970-48x48.jpg 48w, https:\/\/migotravels.de\/wp-content\/uploads\/2011\/10\/PA021970-64x64.jpg 64w\" sizes=\"auto, (max-width: 150px) 100vw, 150px\" \/><\/a>\n\t\t\t<\/dt>\n\t\t\t\t<dd class='wp-caption-text gallery-caption' id='gallery-1-1083'>\n\t\t\t\tHochebene von Erzurum\n\t\t\t\t<\/dd><\/dl><dl class='gallery-item'>\n\t\t\t<dt class='gallery-icon landscape'>\n\t\t\t\t<a href='https:\/\/migotravels.de\/?attachment_id=1082'><img loading=\"lazy\" decoding=\"async\" width=\"150\" height=\"150\" src=\"https:\/\/migotravels.de\/wp-content\/uploads\/2011\/10\/PA021968-150x150.jpg\" class=\"attachment-thumbnail size-thumbnail\" alt=\"T\u00fcrkiyem\" aria-describedby=\"gallery-1-1082\" srcset=\"https:\/\/migotravels.de\/wp-content\/uploads\/2011\/10\/PA021968-150x150.jpg 150w, https:\/\/migotravels.de\/wp-content\/uploads\/2011\/10\/PA021968-96x96.jpg 96w, https:\/\/migotravels.de\/wp-content\/uploads\/2011\/10\/PA021968-24x24.jpg 24w, https:\/\/migotravels.de\/wp-content\/uploads\/2011\/10\/PA021968-36x36.jpg 36w, https:\/\/migotravels.de\/wp-content\/uploads\/2011\/10\/PA021968-48x48.jpg 48w, https:\/\/migotravels.de\/wp-content\/uploads\/2011\/10\/PA021968-64x64.jpg 64w\" sizes=\"auto, (max-width: 150px) 100vw, 150px\" \/><\/a>\n\t\t\t<\/dt>\n\t\t\t\t<dd class='wp-caption-text gallery-caption' id='gallery-1-1082'>\n\t\t\t\tT\u00fcrkiyem\n\t\t\t\t<\/dd><\/dl>\n\t\t\t<br style='clear: both' \/>\n\t\t<\/div>\n\n","protected":false},"excerpt":{"rendered":"<p>Mit gr\u00f6\u00dferen Schritten lasse ich die Zentralt\u00fcrkei hinter mir, um meine letzten Tage im Nordosten des Landes zu verbringen. Es wird zunehmend k\u00e4lter und ich fahre bereits mit all meinen verf\u00fcgbaren W\u00e4rmeschichten. Erzurum, eine der gr\u00f6\u00dften St\u00e4dte des Ostens liegt &hellip; <a href=\"https:\/\/migotravels.de\/?p=1073\">Weiterlesen <span class=\"meta-nav\">&rarr;<\/span><\/a><\/p>\n","protected":false},"author":2,"featured_media":0,"comment_status":"open","ping_status":"open","sticky":false,"template":"","format":"standard","meta":{"footnotes":""},"categories":[9],"tags":[],"class_list":["post-1073","post","type-post","status-publish","format-standard","hentry","category-iran_turkey"],"_links":{"self":[{"href":"https:\/\/migotravels.de\/index.php?rest_route=\/wp\/v2\/posts\/1073","targetHints":{"allow":["GET"]}}],"collection":[{"href":"https:\/\/migotravels.de\/index.php?rest_route=\/wp\/v2\/posts"}],"about":[{"href":"https:\/\/migotravels.de\/index.php?rest_route=\/wp\/v2\/types\/post"}],"author":[{"embeddable":true,"href":"https:\/\/migotravels.de\/index.php?rest_route=\/wp\/v2\/users\/2"}],"replies":[{"embeddable":true,"href":"https:\/\/migotravels.de\/index.php?rest_route=%2Fwp%2Fv2%2Fcomments&post=1073"}],"version-history":[{"count":17,"href":"https:\/\/migotravels.de\/index.php?rest_route=\/wp\/v2\/posts\/1073\/revisions"}],"predecessor-version":[{"id":1101,"href":"https:\/\/migotravels.de\/index.php?rest_route=\/wp\/v2\/posts\/1073\/revisions\/1101"}],"wp:attachment":[{"href":"https:\/\/migotravels.de\/index.php?rest_route=%2Fwp%2Fv2%2Fmedia&parent=1073"}],"wp:term":[{"taxonomy":"category","embeddable":true,"href":"https:\/\/migotravels.de\/index.php?rest_route=%2Fwp%2Fv2%2Fcategories&post=1073"},{"taxonomy":"post_tag","embeddable":true,"href":"https:\/\/migotravels.de\/index.php?rest_route=%2Fwp%2Fv2%2Ftags&post=1073"}],"curies":[{"name":"wp","href":"https:\/\/api.w.org\/{rel}","templated":true}]}}